{"id":7722,"date":"2014-09-11T08:01:43","date_gmt":"2014-09-11T11:01:43","guid":{"rendered":"http:\/\/www.sincomam.org.br\/?p=7722"},"modified":"2014-09-11T08:01:43","modified_gmt":"2014-09-11T11:01:43","slug":"alerta-navio-vindo-do-congo-atraca-hoje-no-porto-de-santos","status":"publish","type":"post","link":"https:\/\/www.sincomam.org.br\/index.php\/alerta-navio-vindo-do-congo-atraca-hoje-no-porto-de-santos\/","title":{"rendered":"Alerta: Navio vindo do Congo atraca hoje no porto de Santos"},"content":{"rendered":"<p>A chegada ao Porto de Santos do navio graneleiro Paros, de bandeira liberiana acontece hoje, quinta-feira (11), \u00e0s 10 horas. A embarca\u00e7\u00e3o \u00e9 proveniente do Porto de Matadi, a capital do Congo, uma das na\u00e7\u00f5es onde foram registrados casos da epidemia de ebola, e ainda n\u00e3o tem a Livre Pr\u00e1tica \u2013 documento expedido pela Ag\u00eancia Nacional de Vigil\u00e2ncia Sanit\u00e1ria (Anvisa) que atesta as condi\u00e7\u00f5es sanit\u00e1rias do cargueiro e autoriza sua atraca\u00e7\u00e3o.<\/p>\n<p>De acordo com a ag\u00eancia mar\u00edtima Unimar, respons\u00e1vel pelo navio, o atraso de um dia ocorrido n\u00e3o revela problemas sanit\u00e1rios. Isto porque, de acordo com as informa\u00e7\u00f5es prestadas pelo comandante da embarca\u00e7\u00e3o, todos os tripulantes passam bem e n\u00e3o apresentaram sintomas de ebola, como febre ou v\u00f4mitos.<\/p>\n<p>A expectativa da ag\u00eancia de navega\u00e7\u00e3o \u00e9 de que a Livre Pr\u00e1tica seja expedida hoje pela Anvisa. O pedido foi feito ontem.<\/p>\n<p>Como o navio passou pelo Congo, um dos pa\u00edses afetado pela epidemia, trabalhadores portu\u00e1rios temem a contamina\u00e7\u00e3o atrav\u00e9s de tripulantes ou at\u00e9 mesmo clandestinos que v\u00eam daquela regi\u00e3o.<\/p>\n<p>Os portu\u00e1rios questionam a emiss\u00e3o da Livre Pr\u00e1tica sem que sejam feitas vistorias presenciais nas embarca\u00e7\u00f5es. Eles ainda pedem para serem avisados quando navios procedentes das na\u00e7\u00f5es atingidas pela doen\u00e7a, no Oeste da \u00c1frica, chegam ao complexo santista.<\/p>\n<p>Por enquanto, nenhum pleito apresentado pelos trabalhadores foi atendido pela autoridade sanit\u00e1ria.<\/p>\n<p>Fonte: Tribuna Online<\/p>\n","protected":false},"excerpt":{"rendered":"<p>A chegada ao Porto de Santos do navio graneleiro Paros, de bandeira liberiana acontece hoje, quinta-feira (11), \u00e0s 10 horas. A embarca\u00e7\u00e3o \u00e9 proveniente do&#8230;<\/p>\n","protected":false},"author":1182,"featured_media":0,"comment_status":"closed","ping_status":"closed","sticky":false,"template":"","format":"standard","meta":{"footnotes":""},"categories":[6],"tags":[],"class_list":["post-7722","post","type-post","status-publish","format-standard","hentry","category-noticias"],"_links":{"self":[{"href":"https:\/\/www.sincomam.org.br\/index.php\/wp-json\/wp\/v2\/posts\/7722","targetHints":{"allow":["GET"]}}],"collection":[{"href":"https:\/\/www.sincomam.org.br\/index.php\/wp-json\/wp\/v2\/posts"}],"about":[{"href":"https:\/\/www.sincomam.org.br\/index.php\/wp-json\/wp\/v2\/types\/post"}],"author":[{"embeddable":true,"href":"https:\/\/www.sincomam.org.br\/index.php\/wp-json\/wp\/v2\/users\/1182"}],"replies":[{"embeddable":true,"href":"https:\/\/www.sincomam.org.br\/index.php\/wp-json\/wp\/v2\/comments?post=7722"}],"version-history":[{"count":1,"href":"https:\/\/www.sincomam.org.br\/index.php\/wp-json\/wp\/v2\/posts\/7722\/revisions"}],"predecessor-version":[{"id":7723,"href":"https:\/\/www.sincomam.org.br\/index.php\/wp-json\/wp\/v2\/posts\/7722\/revisions\/7723"}],"wp:attachment":[{"href":"https:\/\/www.sincomam.org.br\/index.php\/wp-json\/wp\/v2\/media?parent=7722"}],"wp:term":[{"taxonomy":"category","embeddable":true,"href":"https:\/\/www.sincomam.org.br\/index.php\/wp-json\/wp\/v2\/categories?post=7722"},{"taxonomy":"post_tag","embeddable":true,"href":"https:\/\/www.sincomam.org.br\/index.php\/wp-json\/wp\/v2\/tags?post=7722"}],"curies":[{"name":"wp","href":"https:\/\/api.w.org\/{rel}","templated":true}]}}