{"id":7715,"date":"2014-09-11T07:50:39","date_gmt":"2014-09-11T10:50:39","guid":{"rendered":"http:\/\/www.sincomam.org.br\/?p=7715"},"modified":"2014-09-11T07:50:39","modified_gmt":"2014-09-11T10:50:39","slug":"estaleiro-iesa-da-ferias-coletivas-a-mil-funcionarios","status":"publish","type":"post","link":"https:\/\/www.sincomam.org.br\/index.php\/estaleiro-iesa-da-ferias-coletivas-a-mil-funcionarios\/","title":{"rendered":"Estaleiro Iesa d\u00e1 f\u00e9rias coletivas a mil funcion\u00e1rios"},"content":{"rendered":"<p>Controlada pelo grupo Inepar, que entrou com pedido de recupera\u00e7\u00e3o judicial no in\u00edcio deste m\u00eas, a Iesa \u00d3leo e G\u00e1s decidiu colocar em f\u00e9rias coletivas de um m\u00eas, a partir da pr\u00f3xima segunda-feira, os funcion\u00e1rios da produ\u00e7\u00e3o e das \u00e1reas de apoio do estaleiro de Charqueadas (RS). A decis\u00e3o foi anunciada ontem, um dia depois que os empregados entraram em greve em protesto contra a falta de pagamento dos sal\u00e1rios no dia 5 e a incerteza sobre o futuro da opera\u00e7\u00e3o.<\/p>\n<p>Segundo o presidente do Sindicato dos Metal\u00fargicos da cidade, Jorge Luiz de Carvalho, a medida atinge cerca de mil funcion\u00e1rios e n\u00e3o h\u00e1 confirma\u00e7\u00e3o de que eles receber\u00e3o os pagamentos relativos \u00e0s f\u00e9rias. Outros cem, das \u00e1reas administrativas, continuar\u00e3o em atividade, tamb\u00e9m sem previs\u00e3o de recebimento dos sal\u00e1rios. O sindicalista disse que os trabalhadores que entraram em greve na segunda-feira foram ao estaleiro ontem, mas mesmo assim as atividades s\u00e3o executadas de forma &#8220;prec\u00e1ria&#8221;.<\/p>\n<p>Esta foi a terceira greve enfrentada neste ano pela Iesa, que enfrenta dificuldades financeiras desde 2013. No fim de julho, a Inepar negociou a entrada da Andrade Gutierrez na opera\u00e7\u00e3o, mas o contrato ainda n\u00e3o foi assinado e nenhuma das empresas comenta o acordo. O estaleiro tem contrato para fornecer 24 m\u00f3dulos de compress\u00e3o de g\u00e1s para plataformas da Petrobras por US$ 720 milh\u00f5es, com op\u00e7\u00e3o para chegar a 32, por US$ 911,3 milh\u00f5es. Os seis primeiros deveriam ter sido ser entregues em julho, mas o prazo n\u00e3o foi cumprido.<\/p>\n<p>&#8220;Ningu\u00e9m presta esclarecimentos. Est\u00e1 tudo muito vago&#8221;, reclamou o sindicalista. De acordo com ele, haveria uma discuss\u00e3o sobre quem \u00e9 o respons\u00e1vel pelo pagamento dos sal\u00e1rios de agosto, se a Iesa ou a construtora, e mesmo que o contrato entre as duas n\u00e3o tenha sido assinado j\u00e1 h\u00e1 funcion\u00e1rios da Andrade Gutierrez no estaleiro desde o in\u00edcio do m\u00eas passado, inclusive fazendo demiss\u00f5es de funcion\u00e1rios mais antigos e contratando outros, boa parte deles do Nordeste do pa\u00eds.<\/p>\n<p>Procurada pelo Valor, a Iesa informou por interm\u00e9dio de sua assessoria que n\u00e3o iria se manifestar sobre o assunto. A Andrade Gutierrez disse, em nota, que est\u00e1 &#8220;acompanhando de perto as negocia\u00e7\u00f5es dos trabalhadores com a Iesa e s\u00f3 ir\u00e1 se pronunciar sobre o tema ap\u00f3s a assinatura final do contrato [para assumir a opera\u00e7\u00e3o do estaleiro]&#8221; A Petrobras, tamb\u00e9m em comunicado, disse que &#8220;est\u00e1 analisando a situa\u00e7\u00e3o atual da Iesa e estudando as medidas necess\u00e1rias para garantir que as obras sejam conclu\u00eddas dentro dos prazos&#8221;.<\/p>\n<p>Fonte: Valor Econ\u00f4micoS\u00e9rgio Ruck Bueno | De Porto Alegre<\/p>\n","protected":false},"excerpt":{"rendered":"<p>Controlada pelo grupo Inepar, que entrou com pedido de recupera\u00e7\u00e3o judicial no in\u00edcio deste m\u00eas, a Iesa \u00d3leo e G\u00e1s decidiu colocar em f\u00e9rias coletivas&#8230;<\/p>\n","protected":false},"author":1182,"featured_media":0,"comment_status":"closed","ping_status":"closed","sticky":false,"template":"","format":"standard","meta":{"footnotes":""},"categories":[6],"tags":[],"class_list":["post-7715","post","type-post","status-publish","format-standard","hentry","category-noticias"],"_links":{"self":[{"href":"https:\/\/www.sincomam.org.br\/index.php\/wp-json\/wp\/v2\/posts\/7715","targetHints":{"allow":["GET"]}}],"collection":[{"href":"https:\/\/www.sincomam.org.br\/index.php\/wp-json\/wp\/v2\/posts"}],"about":[{"href":"https:\/\/www.sincomam.org.br\/index.php\/wp-json\/wp\/v2\/types\/post"}],"author":[{"embeddable":true,"href":"https:\/\/www.sincomam.org.br\/index.php\/wp-json\/wp\/v2\/users\/1182"}],"replies":[{"embeddable":true,"href":"https:\/\/www.sincomam.org.br\/index.php\/wp-json\/wp\/v2\/comments?post=7715"}],"version-history":[{"count":1,"href":"https:\/\/www.sincomam.org.br\/index.php\/wp-json\/wp\/v2\/posts\/7715\/revisions"}],"predecessor-version":[{"id":7716,"href":"https:\/\/www.sincomam.org.br\/index.php\/wp-json\/wp\/v2\/posts\/7715\/revisions\/7716"}],"wp:attachment":[{"href":"https:\/\/www.sincomam.org.br\/index.php\/wp-json\/wp\/v2\/media?parent=7715"}],"wp:term":[{"taxonomy":"category","embeddable":true,"href":"https:\/\/www.sincomam.org.br\/index.php\/wp-json\/wp\/v2\/categories?post=7715"},{"taxonomy":"post_tag","embeddable":true,"href":"https:\/\/www.sincomam.org.br\/index.php\/wp-json\/wp\/v2\/tags?post=7715"}],"curies":[{"name":"wp","href":"https:\/\/api.w.org\/{rel}","templated":true}]}}