{"id":7713,"date":"2014-09-11T07:48:26","date_gmt":"2014-09-11T10:48:26","guid":{"rendered":"http:\/\/www.sincomam.org.br\/?p=7713"},"modified":"2014-09-11T07:48:26","modified_gmt":"2014-09-11T10:48:26","slug":"brasil-sera-um-dos-grandes-exportadores-de-petroleo-ate-2023-estima-a-epe","status":"publish","type":"post","link":"https:\/\/www.sincomam.org.br\/index.php\/brasil-sera-um-dos-grandes-exportadores-de-petroleo-ate-2023-estima-a-epe\/","title":{"rendered":"Brasil ser\u00e1 um dos grandes exportadores de petr\u00f3leo at\u00e9 2023, estima a EPE"},"content":{"rendered":"<p>O novo Plano Decenal de Expans\u00e3o de Energia (PDE), com proje\u00e7\u00f5es para 2023, estima que, na pr\u00f3xima d\u00e9cada, o Brasil entrar\u00e1 no rol dos grandes exportadores mundiais de petr\u00f3leo. A produ\u00e7\u00e3o nacional de petr\u00f3leo dever\u00e1 subir para 5 milh\u00f5es de barris por dia (bpd), dos quais dois ter\u00e7os corresponder\u00e3o ao pr\u00e9-sal.<\/p>\n<p>Em julho passado, a produ\u00e7\u00e3o de petr\u00f3leo do Brasil atingiu 2,267 milh\u00f5es de barris di\u00e1rios, de acordo com a Ag\u00eancia Nacional do Petr\u00f3leo, G\u00e1s Natural e Biocombust\u00edveis (ANP).\u00a0 O PDE foi divulgado hoje (10) pela\u00a0 Empresa de Pesquisa Energ\u00e9tica (EPE), vinculada ao Minist\u00e9rio de Minas e Energia.<\/p>\n<p>Como a demanda decenal \u00e9 projetada em 3,5 milh\u00f5es de bpd no final do per\u00edodo, o excedente gerado de 1,5 milh\u00e3o de bpd ser\u00e1 direcionado para a exporta\u00e7\u00e3o, segundo os t\u00e9cnicos da EPE. O estudo ficar\u00e1 em consulta p\u00fablica no minist\u00e9rio at\u00e9 o dia 5 de outubro pr\u00f3ximo.<\/p>\n<p>Com base nas atividades de explora\u00e7\u00e3o e produ\u00e7\u00e3o de petr\u00f3leo previstas para os pr\u00f3ximos dez anos, a EPE estimou que haver\u00e1 a cria\u00e7\u00e3o de 75 mil empregos diretos no pico das atividades, em 2015;\u00a0 gera\u00e7\u00e3o de 100 mil empregos indiretos, englobando outras atividades da cadeia produtiva do petr\u00f3leo; e arrecada\u00e7\u00e3o para\u00a0 estados e munic\u00edpios de cerca de R$ 259 bilh\u00f5es na d\u00e9cada.<\/p>\n<p>Fonte: Jornal do Commercio (POA)Ag\u00eancia Brasil<\/p>\n","protected":false},"excerpt":{"rendered":"<p>O novo Plano Decenal de Expans\u00e3o de Energia (PDE), com proje\u00e7\u00f5es para 2023, estima que, na pr\u00f3xima d\u00e9cada, o Brasil entrar\u00e1 no rol dos grandes&#8230;<\/p>\n","protected":false},"author":1182,"featured_media":5099,"comment_status":"closed","ping_status":"closed","sticky":false,"template":"","format":"standard","meta":{"footnotes":""},"categories":[6],"tags":[],"class_list":["post-7713","post","type-post","status-publish","format-standard","has-post-thumbnail","hentry","category-noticias"],"_links":{"self":[{"href":"https:\/\/www.sincomam.org.br\/index.php\/wp-json\/wp\/v2\/posts\/7713","targetHints":{"allow":["GET"]}}],"collection":[{"href":"https:\/\/www.sincomam.org.br\/index.php\/wp-json\/wp\/v2\/posts"}],"about":[{"href":"https:\/\/www.sincomam.org.br\/index.php\/wp-json\/wp\/v2\/types\/post"}],"author":[{"embeddable":true,"href":"https:\/\/www.sincomam.org.br\/index.php\/wp-json\/wp\/v2\/users\/1182"}],"replies":[{"embeddable":true,"href":"https:\/\/www.sincomam.org.br\/index.php\/wp-json\/wp\/v2\/comments?post=7713"}],"version-history":[{"count":1,"href":"https:\/\/www.sincomam.org.br\/index.php\/wp-json\/wp\/v2\/posts\/7713\/revisions"}],"predecessor-version":[{"id":7714,"href":"https:\/\/www.sincomam.org.br\/index.php\/wp-json\/wp\/v2\/posts\/7713\/revisions\/7714"}],"wp:featuredmedia":[{"embeddable":true,"href":"https:\/\/www.sincomam.org.br\/index.php\/wp-json\/wp\/v2\/media\/5099"}],"wp:attachment":[{"href":"https:\/\/www.sincomam.org.br\/index.php\/wp-json\/wp\/v2\/media?parent=7713"}],"wp:term":[{"taxonomy":"category","embeddable":true,"href":"https:\/\/www.sincomam.org.br\/index.php\/wp-json\/wp\/v2\/categories?post=7713"},{"taxonomy":"post_tag","embeddable":true,"href":"https:\/\/www.sincomam.org.br\/index.php\/wp-json\/wp\/v2\/tags?post=7713"}],"curies":[{"name":"wp","href":"https:\/\/api.w.org\/{rel}","templated":true}]}}