{"id":7708,"date":"2014-09-10T07:02:41","date_gmt":"2014-09-10T10:02:41","guid":{"rendered":"http:\/\/www.sincomam.org.br\/?p=7708"},"modified":"2014-09-10T07:02:41","modified_gmt":"2014-09-10T10:02:41","slug":"funcionarios-do-estaleiro-da-iesa-no-rs-voltam-a-entrar-em-greve","status":"publish","type":"post","link":"https:\/\/www.sincomam.org.br\/index.php\/funcionarios-do-estaleiro-da-iesa-no-rs-voltam-a-entrar-em-greve\/","title":{"rendered":"Funcion\u00e1rios do estaleiro da IESA no RS voltam a entrar em greve"},"content":{"rendered":"<p>A falta de pagamento dos sal\u00e1rios na \u00faltima sexta-feira, dia 5, e a inexist\u00eancia de informa\u00e7\u00f5es sobre o futuro da opera\u00e7\u00e3o depois do pedido de recupera\u00e7\u00e3o judicial da Inepar levaram os funcion\u00e1rios do estaleiro da controlada Iesa \u00d3le o e G\u00e1s em Charqueadas (RS) a entrar em greve pela terceira vez neste ano. &#8220;Os trabalhadores pararam nesta segunda-feira e as atividades seguem interrompidas,\u00a0 disse o presidente do Sindicato dos Metal\u00fargicos da cidade, Jorge Luiz de Carvalho.<\/p>\n<p>No fim de julho, a Inepar e a Andrade Gutierrez divulgaram comunicados informando que haviam chegado a um acordo para a entrada da construtora no neg\u00f3cio, mas n\u00e3o revelaram quais os termos do entendimento. O contrato entre ambas ainda n\u00e3o foi assinado, mas, segundo Carvalho, desde o in\u00edcio de agosto j\u00e1 h\u00e1 funcion\u00e1rios da Andrade Gutierrez no estaleiro, inclusive fazendo demiss\u00f5es de empregados mais antigos e contratando outros, boa parte deles do Nordeste do pa\u00eds.<\/p>\n<p>\u201cEst\u00e1 tudo muito vago\u201d, disse o sindicalista, que espera reunir-se nesta ter\u00e7a-feira com o gerente administrativo e financeiro da Andrade Gutierrez, Marcos Aquino, para tratar do assunto. De acordo com ele, haveria uma discuss\u00e3o sobre quem \u00e9 o respons\u00e1vel pelo pagamento dos sal\u00e1rios de agosto, se a Iesa ou a construtora. O Valor pediu informa\u00e7\u00f5es \u00e0s duas empresas, mas at\u00e9 agora n\u00e3o obteve retorno.<\/p>\n<p>O estaleiro tem contrato para fornecer 24 m\u00f3dulos de compress\u00e3o de g\u00e1s para plataformas de explora\u00e7\u00e3o da Petrobras por US$ 720 milh\u00f5es, com op\u00e7\u00e3o para chegar a 32, o que elevaria a opera\u00e7\u00e3o a US$ 911,3 milh\u00f5es. Os seis primeiros deveriam ter sido ser entregues em julho, o que n\u00e3o ocorreu devido \u00e0s dificuldades financeiras enfrentadas pela Inepar desde 2013. Em nota, a estatal informou que \u201cest\u00e1 analisando a situa\u00e7\u00e3o atual da Iesa e estudando as medidas necess\u00e1rias para garantir que as obras sejam conclu\u00eddas dentro dos prazos&#8221;.<\/p>\n<p>Fonte: Valor Econ\u00f4mico\/S\u00e9rgio Ruck Bueno<\/p>\n","protected":false},"excerpt":{"rendered":"<p>A falta de pagamento dos sal\u00e1rios na \u00faltima sexta-feira, dia 5, e a inexist\u00eancia de informa\u00e7\u00f5es sobre o futuro da opera\u00e7\u00e3o depois do pedido de&#8230;<\/p>\n","protected":false},"author":1182,"featured_media":7066,"comment_status":"closed","ping_status":"closed","sticky":false,"template":"","format":"standard","meta":{"footnotes":""},"categories":[6],"tags":[],"class_list":["post-7708","post","type-post","status-publish","format-standard","has-post-thumbnail","hentry","category-noticias"],"_links":{"self":[{"href":"https:\/\/www.sincomam.org.br\/index.php\/wp-json\/wp\/v2\/posts\/7708","targetHints":{"allow":["GET"]}}],"collection":[{"href":"https:\/\/www.sincomam.org.br\/index.php\/wp-json\/wp\/v2\/posts"}],"about":[{"href":"https:\/\/www.sincomam.org.br\/index.php\/wp-json\/wp\/v2\/types\/post"}],"author":[{"embeddable":true,"href":"https:\/\/www.sincomam.org.br\/index.php\/wp-json\/wp\/v2\/users\/1182"}],"replies":[{"embeddable":true,"href":"https:\/\/www.sincomam.org.br\/index.php\/wp-json\/wp\/v2\/comments?post=7708"}],"version-history":[{"count":1,"href":"https:\/\/www.sincomam.org.br\/index.php\/wp-json\/wp\/v2\/posts\/7708\/revisions"}],"predecessor-version":[{"id":7709,"href":"https:\/\/www.sincomam.org.br\/index.php\/wp-json\/wp\/v2\/posts\/7708\/revisions\/7709"}],"wp:featuredmedia":[{"embeddable":true,"href":"https:\/\/www.sincomam.org.br\/index.php\/wp-json\/wp\/v2\/media\/7066"}],"wp:attachment":[{"href":"https:\/\/www.sincomam.org.br\/index.php\/wp-json\/wp\/v2\/media?parent=7708"}],"wp:term":[{"taxonomy":"category","embeddable":true,"href":"https:\/\/www.sincomam.org.br\/index.php\/wp-json\/wp\/v2\/categories?post=7708"},{"taxonomy":"post_tag","embeddable":true,"href":"https:\/\/www.sincomam.org.br\/index.php\/wp-json\/wp\/v2\/tags?post=7708"}],"curies":[{"name":"wp","href":"https:\/\/api.w.org\/{rel}","templated":true}]}}