{"id":7700,"date":"2014-09-10T06:52:42","date_gmt":"2014-09-10T09:52:42","guid":{"rendered":"http:\/\/www.sincomam.org.br\/?p=7700"},"modified":"2014-09-10T06:52:42","modified_gmt":"2014-09-10T09:52:42","slug":"prumo-faz-acordo-com-edison-chouest-para-aumentar-area-em-acu","status":"publish","type":"post","link":"https:\/\/www.sincomam.org.br\/index.php\/prumo-faz-acordo-com-edison-chouest-para-aumentar-area-em-acu\/","title":{"rendered":"Prumo faz acordo com Edison Chouest para aumentar \u00e1rea em A\u00e7u"},"content":{"rendered":"<p><span style=\"color: #666666;\">A Prumo Log\u00edstica, ex-LLX (empresa de log\u00edstica do empres\u00e1rio Eike Batista), informou em comunicado que assinou na \u00faltima segunda-feira aditivo de acordo com a empresa americana Edison Chouest Offshore (ECO), companhia que fornece solu\u00e7\u00f5es de transporte mar\u00edtimo offshore e ir\u00e1 instalar uma base de apoio log\u00edstico e estaleiro de reparos navais para suas pr\u00f3prias embarca\u00e7\u00f5es no Porto do A\u00e7u, em S\u00e3o Jo\u00e3o da Barra, no norte fluminense (RJ).\u00a0<\/span><br style=\"color: #666666;\" \/><br style=\"color: #666666;\" \/><span style=\"color: #666666;\">Em abril, a companhia americana assinou contrato de aluguel de uma \u00e1rea de 255,2 mil metros quadrados no porto. O aditivo assinado pelas duas empresas, anunciado nesta segunda-feira, amplia a \u00e1rea alugada no contrato para 284,2 mil metros quadrados, informou a Prumo.<\/span><br style=\"color: #666666;\" \/><br style=\"color: #666666;\" \/><span style=\"color: #666666;\">Segundo informa\u00e7\u00f5es apuradas pela empresa de log\u00edstica, com a expans\u00e3o atual da \u00e1rea, o cais original de 440 metros passar\u00e1 a medir 490 metros. Al\u00e9m da expans\u00e3o da \u00e1rea atual alugada, o aditivo prev\u00ea o aumento da op\u00e7\u00e3o de expans\u00e3o de \u00e1rea existente, a ser exercida pela ECO at\u00e9 outubro de 2015, para aumentar o cais em 60 metros adicionais e a \u00e1rea em 34,8 mil metros quadrados.\u00a0<\/span><br style=\"color: #666666;\" \/><br style=\"color: #666666;\" \/><span style=\"color: #666666;\">Ainda de acordo com a Prumo, dessa forma, caso todas as op\u00e7\u00f5es previstas no contrato sejam exercidas, a ECO ter\u00e1 uma \u00e1rea total de 574.200 metros quadrados, com 990 metros de cais.\u00a0<\/span><br style=\"color: #666666;\" \/><br style=\"color: #666666;\" \/><span style=\"color: #666666;\">De acordo com o comunicado, as empresas tamb\u00e9m decidiram estudar em conjunto, em acordo\u00a0 n\u00e3o vinculante, a possibilidade de implementa\u00e7\u00e3o de um estaleiro de reparo naval a ser localizado ao longo do quebra-mar sul do Terminal 2 do porto.<\/span><br style=\"color: #666666;\" \/><br style=\"color: #666666;\" \/><span style=\"color: #666666;\">Para o diretor da Edison Chouest Ricardo Chagas, o aumento de \u00e1rea reflete \u201co compromisso da ECO e sua estrat\u00e9gia de crescimento no Brasil\u201d. Ainda segundo o executivo, com mais 50 metros de cais prontos ser\u00e1 poss\u00edvel, para a empresa americana, acelerar a constru\u00e7\u00e3o de sua base e antecipar a entrada em opera\u00e7\u00e3o, no porto. \u201cJ\u00e1 estamos investindo para atender a demanda atual dos\u00a0 nossos clientes internacionais e para as novas licita\u00e7\u00f5es do setor, e nossa unidade no Porto do A\u00e7u \u00e9 essencial para isso\u201d, disse.\u00a0<\/span><br style=\"color: #666666;\" \/><br style=\"color: #666666;\" \/><span style=\"color: #666666;\">As obras de responsabilidade da ECO j\u00e1 come\u00e7aram e a previs\u00e3o de in\u00edcio das opera\u00e7\u00f5es \u00e9 para o primeiro semestre de 2015, detalhou a Prumo.\u00a0<\/span><br style=\"color: #666666;\" \/><br style=\"color: #666666;\" \/><span style=\"color: #666666;\">Fonte:Valor Econ\u00f4mico\/Alessandra Saraiva<\/span><\/p>\n","protected":false},"excerpt":{"rendered":"<p>A Prumo Log\u00edstica, ex-LLX (empresa de log\u00edstica do empres\u00e1rio Eike Batista), informou em comunicado que assinou na \u00faltima segunda-feira aditivo de acordo com a empresa&#8230;<\/p>\n","protected":false},"author":1182,"featured_media":7425,"comment_status":"closed","ping_status":"closed","sticky":false,"template":"","format":"standard","meta":{"footnotes":""},"categories":[6],"tags":[],"class_list":["post-7700","post","type-post","status-publish","format-standard","has-post-thumbnail","hentry","category-noticias"],"_links":{"self":[{"href":"https:\/\/www.sincomam.org.br\/index.php\/wp-json\/wp\/v2\/posts\/7700","targetHints":{"allow":["GET"]}}],"collection":[{"href":"https:\/\/www.sincomam.org.br\/index.php\/wp-json\/wp\/v2\/posts"}],"about":[{"href":"https:\/\/www.sincomam.org.br\/index.php\/wp-json\/wp\/v2\/types\/post"}],"author":[{"embeddable":true,"href":"https:\/\/www.sincomam.org.br\/index.php\/wp-json\/wp\/v2\/users\/1182"}],"replies":[{"embeddable":true,"href":"https:\/\/www.sincomam.org.br\/index.php\/wp-json\/wp\/v2\/comments?post=7700"}],"version-history":[{"count":1,"href":"https:\/\/www.sincomam.org.br\/index.php\/wp-json\/wp\/v2\/posts\/7700\/revisions"}],"predecessor-version":[{"id":7701,"href":"https:\/\/www.sincomam.org.br\/index.php\/wp-json\/wp\/v2\/posts\/7700\/revisions\/7701"}],"wp:featuredmedia":[{"embeddable":true,"href":"https:\/\/www.sincomam.org.br\/index.php\/wp-json\/wp\/v2\/media\/7425"}],"wp:attachment":[{"href":"https:\/\/www.sincomam.org.br\/index.php\/wp-json\/wp\/v2\/media?parent=7700"}],"wp:term":[{"taxonomy":"category","embeddable":true,"href":"https:\/\/www.sincomam.org.br\/index.php\/wp-json\/wp\/v2\/categories?post=7700"},{"taxonomy":"post_tag","embeddable":true,"href":"https:\/\/www.sincomam.org.br\/index.php\/wp-json\/wp\/v2\/tags?post=7700"}],"curies":[{"name":"wp","href":"https:\/\/api.w.org\/{rel}","templated":true}]}}