{"id":7686,"date":"2014-09-10T08:10:38","date_gmt":"2014-09-10T11:10:38","guid":{"rendered":"http:\/\/www.sincomam.org.br\/?p=7686"},"modified":"2014-09-09T23:37:53","modified_gmt":"2014-09-10T02:37:53","slug":"obras-do-porto-seco-continuam-paralisadas-apos-sete-anos","status":"publish","type":"post","link":"https:\/\/www.sincomam.org.br\/index.php\/obras-do-porto-seco-continuam-paralisadas-apos-sete-anos\/","title":{"rendered":"Obras do porto seco continuam paralisadas, ap\u00f3s sete anos"},"content":{"rendered":"<p>Ap\u00f3s sete anos e tr\u00eas paralisa\u00e7\u00f5es, inclusive com interven\u00e7\u00e3o do Tribunal de Contas da Uni\u00e3o (TCU), obras do Terminal Intermodal de Cargas de Campo Grande, mais conhecido como \u201cPorto Seco\u201d, continuam em compasso de espera, agora pela dificuldade da Prefeitura para retomar e concluir as obras a tempo de prestar as contas dentro do prazo do conv\u00eanio firmado com o Departamento Nacional de Infraestrutura de Transportes (Dnit), que vence dentro de 60 dias, sem previs\u00e3o de nova prorroga\u00e7\u00e3o.<\/p>\n<p>Esse conv\u00eanio, no valor de R$ 4 milh\u00f5es, foi renovado de outubro do ano passado para maio deste ano e novamente prorrogado para novembro, com vencimento para o dia 7. At\u00e9 agora, o discurso adotado pelo prefeito Gilmar Olarte (PP) \u00e9 de concentrar esfor\u00e7os para entregar o Porto Seco at\u00e9 o fim do ano. Na quarta-feira passada, durante audi\u00eancia p\u00fablica na C\u00e2mara Municipal para discutir obras paralisadas na Capital, a nova titular da Secretaria Municipal de Infraestrutura, Transporte e Habita\u00e7\u00e3o (Seintrha), K\u00e1tia Castilho, refor\u00e7ou este olhar, classificando a obra como \u201cpriorit\u00e1ria\u201d para a atual gest\u00e3o.<\/p>\n<p>Em proje\u00e7\u00f5es apresentadas aos vereadores e cidad\u00e3os na Casa de Leis, a secret\u00e1ria informou que atualmente a prefeitura est\u00e1 em negocia\u00e7\u00e3o com a construtora para retomada dos servi\u00e7os e conclus\u00e3o das obras at\u00e9 dezembro de 2014. A principal dificuldade, apontou, foi o impacto financeiro, em virtude dos reajustes desde o in\u00edcio do contrato, onerando os cofres p\u00fablicos. A expectativa de reajuste no \u00faltimo exerc\u00edcio \u00e9 de R$ 1,5 milh\u00e3o.<\/p>\n<p>Fonte: Valor Econ\u00f4micoDaniella Arruda<\/p>\n","protected":false},"excerpt":{"rendered":"<p>Ap\u00f3s sete anos e tr\u00eas paralisa\u00e7\u00f5es, inclusive com interven\u00e7\u00e3o do Tribunal de Contas da Uni\u00e3o (TCU), obras do Terminal Intermodal de Cargas de Campo Grande,&#8230;<\/p>\n","protected":false},"author":1182,"featured_media":7687,"comment_status":"closed","ping_status":"closed","sticky":false,"template":"","format":"standard","meta":{"footnotes":""},"categories":[6],"tags":[],"class_list":["post-7686","post","type-post","status-publish","format-standard","has-post-thumbnail","hentry","category-noticias"],"_links":{"self":[{"href":"https:\/\/www.sincomam.org.br\/index.php\/wp-json\/wp\/v2\/posts\/7686","targetHints":{"allow":["GET"]}}],"collection":[{"href":"https:\/\/www.sincomam.org.br\/index.php\/wp-json\/wp\/v2\/posts"}],"about":[{"href":"https:\/\/www.sincomam.org.br\/index.php\/wp-json\/wp\/v2\/types\/post"}],"author":[{"embeddable":true,"href":"https:\/\/www.sincomam.org.br\/index.php\/wp-json\/wp\/v2\/users\/1182"}],"replies":[{"embeddable":true,"href":"https:\/\/www.sincomam.org.br\/index.php\/wp-json\/wp\/v2\/comments?post=7686"}],"version-history":[{"count":1,"href":"https:\/\/www.sincomam.org.br\/index.php\/wp-json\/wp\/v2\/posts\/7686\/revisions"}],"predecessor-version":[{"id":7688,"href":"https:\/\/www.sincomam.org.br\/index.php\/wp-json\/wp\/v2\/posts\/7686\/revisions\/7688"}],"wp:featuredmedia":[{"embeddable":true,"href":"https:\/\/www.sincomam.org.br\/index.php\/wp-json\/wp\/v2\/media\/7687"}],"wp:attachment":[{"href":"https:\/\/www.sincomam.org.br\/index.php\/wp-json\/wp\/v2\/media?parent=7686"}],"wp:term":[{"taxonomy":"category","embeddable":true,"href":"https:\/\/www.sincomam.org.br\/index.php\/wp-json\/wp\/v2\/categories?post=7686"},{"taxonomy":"post_tag","embeddable":true,"href":"https:\/\/www.sincomam.org.br\/index.php\/wp-json\/wp\/v2\/tags?post=7686"}],"curies":[{"name":"wp","href":"https:\/\/api.w.org\/{rel}","templated":true}]}}