{"id":7673,"date":"2014-09-09T08:26:58","date_gmt":"2014-09-09T11:26:58","guid":{"rendered":"http:\/\/www.sincomam.org.br\/?p=7673"},"modified":"2014-09-08T21:34:49","modified_gmt":"2014-09-09T00:34:49","slug":"dilma-diz-nao-ter-desconfiado-de-ilicitos-na-petrobras","status":"publish","type":"post","link":"https:\/\/www.sincomam.org.br\/index.php\/dilma-diz-nao-ter-desconfiado-de-ilicitos-na-petrobras\/","title":{"rendered":"Dilma diz n\u00e3o ter desconfiado de il\u00edcitos na Petrobras"},"content":{"rendered":"<p>A presidente Dilma Rousseff afirmou nesta segunda-feira que \u201cem nenhum momento\u201d desconfiou que il\u00edcitos estivessem sendo cometidos pela gest\u00e3o da Petrobras. A presidente, no entanto, admitiu que \u201ctudo indica que houve\u201d corrup\u00e7\u00e3o dentro da estatal.<\/p>\n<p>\u201cEm nenhum momento houve desconfian\u00e7a. Ele [Paulo Roberto Costa, ex-diretor e delator do esquema] era um quadro de carreira da Petrobras, o que \u00e9 ainda mais estarrecedor. Ele vinha fazendo carreira e isso n\u00e3o \u00e9 t\u00edpico dos quadros da Petrobras\u201d.<\/p>\n<p>Segundo Dilma, foi feito por meio do Minist\u00e9rio da Justi\u00e7a um pedido \u00e0 Pol\u00edcia Federal e ao Minist\u00e9 rio P\u00fablico para que, havendo ind\u00edcios de envolvimento de integrantes do governo no esquema, o governo tenha acesso \u00e0 informa\u00e7\u00e3o. \u201cQuem faz a acusa\u00e7\u00e3o \u00e9 uma reportagem feita pela imprensa. Quem tem a informa\u00e7\u00e3o \u00e9 o MP e a PF. Processos est\u00e3o criptografados e dentro do cofre. Sen\u00e3o pode invalidar as provas. Pedi of\u00edcio ao Cardozo para pedir que se tiver algum agente p\u00fablico do governo, gostar\u00edamos de ter acesso \u00e0 informa\u00e7\u00e3o, para tomar medidas com base em fatos. Revista n\u00e3o diz de onde nem como teve acesso a essa informa\u00e7\u00e3o\u201d.<\/p>\n<p>Dilma avaliou que \u201cse um \u00f3rg\u00e3o da imprensa sabe uma coisa e n\u00f3s [do governo] que somos acusados n\u00e3o sabemos, isso \u00e9 inadmiss\u00edvel. Imprensa n\u00e3o tem foro inequ\u00edvoco para dizer quem \u00e9 culpado. Eu quero a informa\u00e7\u00e3o, a mais aprofundada poss\u00edvel\u201d. Ela disse ter conversado com o ministro Edson Lob\u00e3o, de Minas e Energia, e que ele teria negado &#8220;veementemente&#8221; qualquer v\u00ednculo ao esquema.<\/p>\n<p>Fonte: Valor \/ Vandson Lima e Bruno Peres<\/p>\n","protected":false},"excerpt":{"rendered":"<p>A presidente Dilma Rousseff afirmou nesta segunda-feira que \u201cem nenhum momento\u201d desconfiou que il\u00edcitos estivessem sendo cometidos pela gest\u00e3o da Petrobras. A presidente, no entanto,&#8230;<\/p>\n","protected":false},"author":1182,"featured_media":5747,"comment_status":"closed","ping_status":"closed","sticky":false,"template":"","format":"standard","meta":{"footnotes":""},"categories":[6],"tags":[],"class_list":["post-7673","post","type-post","status-publish","format-standard","has-post-thumbnail","hentry","category-noticias"],"_links":{"self":[{"href":"https:\/\/www.sincomam.org.br\/index.php\/wp-json\/wp\/v2\/posts\/7673","targetHints":{"allow":["GET"]}}],"collection":[{"href":"https:\/\/www.sincomam.org.br\/index.php\/wp-json\/wp\/v2\/posts"}],"about":[{"href":"https:\/\/www.sincomam.org.br\/index.php\/wp-json\/wp\/v2\/types\/post"}],"author":[{"embeddable":true,"href":"https:\/\/www.sincomam.org.br\/index.php\/wp-json\/wp\/v2\/users\/1182"}],"replies":[{"embeddable":true,"href":"https:\/\/www.sincomam.org.br\/index.php\/wp-json\/wp\/v2\/comments?post=7673"}],"version-history":[{"count":1,"href":"https:\/\/www.sincomam.org.br\/index.php\/wp-json\/wp\/v2\/posts\/7673\/revisions"}],"predecessor-version":[{"id":7674,"href":"https:\/\/www.sincomam.org.br\/index.php\/wp-json\/wp\/v2\/posts\/7673\/revisions\/7674"}],"wp:featuredmedia":[{"embeddable":true,"href":"https:\/\/www.sincomam.org.br\/index.php\/wp-json\/wp\/v2\/media\/5747"}],"wp:attachment":[{"href":"https:\/\/www.sincomam.org.br\/index.php\/wp-json\/wp\/v2\/media?parent=7673"}],"wp:term":[{"taxonomy":"category","embeddable":true,"href":"https:\/\/www.sincomam.org.br\/index.php\/wp-json\/wp\/v2\/categories?post=7673"},{"taxonomy":"post_tag","embeddable":true,"href":"https:\/\/www.sincomam.org.br\/index.php\/wp-json\/wp\/v2\/tags?post=7673"}],"curies":[{"name":"wp","href":"https:\/\/api.w.org\/{rel}","templated":true}]}}