{"id":7671,"date":"2014-09-09T08:15:32","date_gmt":"2014-09-09T11:15:32","guid":{"rendered":"http:\/\/www.sincomam.org.br\/?p=7671"},"modified":"2014-09-08T21:15:28","modified_gmt":"2014-09-09T00:15:28","slug":"porto-de-santos-recebe-draga-que-fara-manutencao-no-cais","status":"publish","type":"post","link":"https:\/\/www.sincomam.org.br\/index.php\/porto-de-santos-recebe-draga-que-fara-manutencao-no-cais\/","title":{"rendered":"Porto de Santos recebe draga que far\u00e1 manuten\u00e7\u00e3o no cais"},"content":{"rendered":"<p><em><strong>Porto de Santos recebe draga que far\u00e1 manuten\u00e7\u00e3o no cais<\/p>\n<p><\/strong><\/em>A draga que far\u00e1 a manuten\u00e7\u00e3o das profundidades dos trechos 2, 3 e 4 do canal de navega\u00e7\u00e3o do Porto de Santos j\u00e1 chegaram no cais santista. A previs\u00e3o \u00e9 de que as obras comecem ainda nesta semana. De acordo com a Codesp (Companhia Docas do Estado de S\u00e3o Paulo), ap\u00f3s a chegada da embarca\u00e7\u00e3o, s\u00e3o necess\u00e1rios, no m\u00e1ximo, dois dias para os procedimentos administrativos feitos na CPSP (Capitania dos Portos de S\u00e3o Paulo). Com isso, ela j\u00e1 est\u00e1 apta a dragar o canal de navega\u00e7\u00e3o do cais santista.<em><strong><br \/><\/strong><\/em><\/p>\n<p>A draga Lelystad, da Van Oord Opera\u00e7\u00f5es Mar\u00edtimas, \u00e9 o equipamento que foi destacado para a dragagem de manuten\u00e7\u00e3o. A ideia \u00e9 n\u00e3o permitir que o assoreamento reduza o calado operacional do porto. Ao limitar essa dimens\u00e3o, a Docas acaba reduzindo a quantidade de cargas que podem ser embarcadas em um navio e, consequentemente, diminui a competitividade do cais santista.<\/p>\n<p>A Lelystad tem capacidade de armazenar 10 mil metros c\u00fabicos de sedimentos, comprimento de 137 metros e 26 metros de boca. A sua capacidade de cisterna, aliada ao seu baixo calado (cerca de 8,2 metros), a alta velocidade e a sua grande capacidade de suc\u00e7\u00e3o lhe conferem excelente produtividade e baixo custo operacional.<\/p>\n<p>Fonte: Guia Mar\u00edtimo<\/p>\n<p><em><strong>\u00a0<\/strong><\/em><\/p>\n","protected":false},"excerpt":{"rendered":"<p>Porto de Santos recebe draga que far\u00e1 manuten\u00e7\u00e3o no cais A draga que far\u00e1 a manuten\u00e7\u00e3o das profundidades dos trechos 2, 3 e 4 do&#8230;<\/p>\n","protected":false},"author":1182,"featured_media":4044,"comment_status":"closed","ping_status":"closed","sticky":false,"template":"","format":"standard","meta":{"footnotes":""},"categories":[6],"tags":[],"class_list":["post-7671","post","type-post","status-publish","format-standard","has-post-thumbnail","hentry","category-noticias"],"_links":{"self":[{"href":"https:\/\/www.sincomam.org.br\/index.php\/wp-json\/wp\/v2\/posts\/7671","targetHints":{"allow":["GET"]}}],"collection":[{"href":"https:\/\/www.sincomam.org.br\/index.php\/wp-json\/wp\/v2\/posts"}],"about":[{"href":"https:\/\/www.sincomam.org.br\/index.php\/wp-json\/wp\/v2\/types\/post"}],"author":[{"embeddable":true,"href":"https:\/\/www.sincomam.org.br\/index.php\/wp-json\/wp\/v2\/users\/1182"}],"replies":[{"embeddable":true,"href":"https:\/\/www.sincomam.org.br\/index.php\/wp-json\/wp\/v2\/comments?post=7671"}],"version-history":[{"count":1,"href":"https:\/\/www.sincomam.org.br\/index.php\/wp-json\/wp\/v2\/posts\/7671\/revisions"}],"predecessor-version":[{"id":7672,"href":"https:\/\/www.sincomam.org.br\/index.php\/wp-json\/wp\/v2\/posts\/7671\/revisions\/7672"}],"wp:featuredmedia":[{"embeddable":true,"href":"https:\/\/www.sincomam.org.br\/index.php\/wp-json\/wp\/v2\/media\/4044"}],"wp:attachment":[{"href":"https:\/\/www.sincomam.org.br\/index.php\/wp-json\/wp\/v2\/media?parent=7671"}],"wp:term":[{"taxonomy":"category","embeddable":true,"href":"https:\/\/www.sincomam.org.br\/index.php\/wp-json\/wp\/v2\/categories?post=7671"},{"taxonomy":"post_tag","embeddable":true,"href":"https:\/\/www.sincomam.org.br\/index.php\/wp-json\/wp\/v2\/tags?post=7671"}],"curies":[{"name":"wp","href":"https:\/\/api.w.org\/{rel}","templated":true}]}}