{"id":7646,"date":"2014-09-08T08:05:12","date_gmt":"2014-09-08T11:05:12","guid":{"rendered":"http:\/\/www.sincomam.org.br\/?p=7646"},"modified":"2014-09-07T18:12:43","modified_gmt":"2014-09-07T21:12:43","slug":"navios-patrulha-que-brasil-fornecera-a-angola-serao-de-500-toneladas","status":"publish","type":"post","link":"https:\/\/www.sincomam.org.br\/index.php\/navios-patrulha-que-brasil-fornecera-a-angola-serao-de-500-toneladas\/","title":{"rendered":"Navios-patrulha que Brasil fornecer\u00e1 a Angola ser\u00e3o de 500 toneladas"},"content":{"rendered":"<p>Os ministros da Defesa do Brasil, Celso Amorim, e de Angola, Jo\u00e3o Manuel Louren\u00e7o, assinaram, nesta sexta-feira (5), Memorando de Entendimento T\u00e9cnico que viabilizar\u00e1 o apoio da Marinha na implementa\u00e7\u00e3o do Programa de Desenvolvimento do Poder Naval Angolano (Pronaval). De acordo com o documento, os africanos dever\u00e3o adquirir sete navios-patrulhas a serem produzidos pela Empresa Gerencial de Projetos Navais (Emgepron) da For\u00e7a Naval Brasileira.<\/p>\n<p>A previs\u00e3o \u00e9 que quatro das embarca\u00e7\u00f5es sejam produzidas pela Emgepron no Rio de Janeiro*. Os demais navios-patrulha dever\u00e3o ser fabricados em estaleiro a ser montado a 200 km ao sul de Luanda, capital do pa\u00eds, com assessoria t\u00e9cnica, materiais e equipamentos brasileiros. Al\u00e9m disso, a Marinha do Brasil dever\u00e1 atuar na forma\u00e7\u00e3o e capacita\u00e7\u00e3o de pessoal tanto para operar as embarca\u00e7\u00f5es como para a fabrica\u00e7\u00e3o que ser\u00e1 feita no novo estaleiro.<\/p>\n<p>Os sete navios-patrulha ter\u00e3o 500 toneladas cada um e a configura\u00e7\u00e3o t\u00e9cnica ser\u00e1 definida durante a fase de negocia\u00e7\u00e3o dos contratos de fabrica\u00e7\u00e3o e fornecimento de servi\u00e7os. De acordo com o ministro Jo\u00e3o Manuel Louren\u00e7o, a assinatura do memorando \u00e9 o primeiro passo para \u201caumentar a infra-estrutura estaleira e os meios navais da Marinha de Guerra angolana.\u201d<\/p>\n<p>Para Louren\u00e7o, o fortalecimento das patrulhas na costa angolana permitir\u00e1 ao pa\u00eds combater amea\u00e7as que, segundo o dirigente, \u201cfazem parte do mundo contempor\u00e2neo\u201d: a pirataria mar\u00edtima e o terrorismo. \u201cFaremos de tudo para a que implementa\u00e7\u00e3o dessa coopera\u00e7\u00e3o n\u00e3o demore.\u201d<\/p>\n<p><strong>Atl\u00e2ntico Sul<\/strong><\/p>\n<p>Em seu pronunciamento, o ministro Celso Amorim ressaltou os la\u00e7os hist\u00f3ricos e culturais entre os dois pa\u00edses, destacando o fato de o Brasil ter sido a primeira na\u00e7\u00e3o a reconhecer a independ\u00eancia de Angola de Portugal, em 1975. Amorim disse que a parceria com o pa\u00eds \u00e9 altamente estrat\u00e9gica, sobretudo pelo interesse rec\u00edproco na vigil\u00e2ncia do Atl\u00e2ntico Sul.<\/p>\n<p>Os dois pa\u00edses, junto de 23 outras na\u00e7\u00f5es africanas e sul-americanas, s\u00e3o signat\u00e1rios da Zona de Paz e Coopera\u00e7\u00e3o do Atl\u00e2ntico Sul (Zopacas), organismo multilateral criado pelas Na\u00e7\u00f5es Unidas (ONU), em 1986, com o objetivo de evitar a introdu\u00e7\u00e3o de armamentos nucleares e de destrui\u00e7\u00e3o em massa na regi\u00e3o.<\/p>\n<p>\u201cAngola \u00e9 uma na\u00e7\u00e3o pujante e cada vez mais atuante na \u00c1frica. Temos uma rela\u00e7\u00e3o de amizade e de grande respeito m\u00fatuo. N\u00e3o \u00e9 de interesse ao Brasil ter uma atitude paternalista com Angola, at\u00e9 porque os angolanos n\u00e3o aceitariam isso\u201d, disse o ministro Amorim.<\/p>\n<p>Al\u00e9m da compra dos sete navios-patrulha e da assessoria na constru\u00e7\u00e3o do estaleiro, o memorando de entendimento prev\u00ea a coopera\u00e7\u00e3o na \u00e1rea acad\u00eamica e a forma\u00e7\u00e3o e capacita\u00e7\u00e3o de pessoal para construir e operar as embarca\u00e7\u00f5es, bem como para a qualifica\u00e7\u00e3o de homens da marinha mercante.<\/p>\n<p><strong>BID-Brasil<\/strong><\/p>\n<p>A delega\u00e7\u00e3o angolana participou da 3\u00ba Mostra BID Brasil, evento organizado pela Ag\u00eancia Brasileira de Promo\u00e7\u00e3o de Exporta\u00e7\u00f5es e Investimentos (Apex-Brasil) e pela ABIMDE (Associa\u00e7\u00e3o Brasileira das Ind\u00fastrias de Materiais de Defesa e Seguran\u00e7a), com apoio do Minist\u00e9rio da Defesa e que reuniu quase 100 empresas do setor no Centro de Conven\u00e7\u00f5es Ulisses Guimar\u00e3es, em Bras\u00edlia. Os visitantes se interessaram por v\u00e1rias solu\u00e7\u00f5es e equipamentos apresentados na feira e participaram de reuni\u00f5es de neg\u00f3cios com empresas brasileiras do setor.<\/p>\n<p>Fonte: Minist\u00e9rio da Defesa \/ Poder Naval<\/p>\n","protected":false},"excerpt":{"rendered":"<p>Os ministros da Defesa do Brasil, Celso Amorim, e de Angola, Jo\u00e3o Manuel Louren\u00e7o, assinaram, nesta sexta-feira (5), Memorando de Entendimento T\u00e9cnico que viabilizar\u00e1 o&#8230;<\/p>\n","protected":false},"author":1182,"featured_media":7647,"comment_status":"closed","ping_status":"closed","sticky":false,"template":"","format":"standard","meta":{"footnotes":""},"categories":[6],"tags":[],"class_list":["post-7646","post","type-post","status-publish","format-standard","has-post-thumbnail","hentry","category-noticias"],"_links":{"self":[{"href":"https:\/\/www.sincomam.org.br\/index.php\/wp-json\/wp\/v2\/posts\/7646","targetHints":{"allow":["GET"]}}],"collection":[{"href":"https:\/\/www.sincomam.org.br\/index.php\/wp-json\/wp\/v2\/posts"}],"about":[{"href":"https:\/\/www.sincomam.org.br\/index.php\/wp-json\/wp\/v2\/types\/post"}],"author":[{"embeddable":true,"href":"https:\/\/www.sincomam.org.br\/index.php\/wp-json\/wp\/v2\/users\/1182"}],"replies":[{"embeddable":true,"href":"https:\/\/www.sincomam.org.br\/index.php\/wp-json\/wp\/v2\/comments?post=7646"}],"version-history":[{"count":1,"href":"https:\/\/www.sincomam.org.br\/index.php\/wp-json\/wp\/v2\/posts\/7646\/revisions"}],"predecessor-version":[{"id":7648,"href":"https:\/\/www.sincomam.org.br\/index.php\/wp-json\/wp\/v2\/posts\/7646\/revisions\/7648"}],"wp:featuredmedia":[{"embeddable":true,"href":"https:\/\/www.sincomam.org.br\/index.php\/wp-json\/wp\/v2\/media\/7647"}],"wp:attachment":[{"href":"https:\/\/www.sincomam.org.br\/index.php\/wp-json\/wp\/v2\/media?parent=7646"}],"wp:term":[{"taxonomy":"category","embeddable":true,"href":"https:\/\/www.sincomam.org.br\/index.php\/wp-json\/wp\/v2\/categories?post=7646"},{"taxonomy":"post_tag","embeddable":true,"href":"https:\/\/www.sincomam.org.br\/index.php\/wp-json\/wp\/v2\/tags?post=7646"}],"curies":[{"name":"wp","href":"https:\/\/api.w.org\/{rel}","templated":true}]}}