{"id":7642,"date":"2014-09-08T08:13:06","date_gmt":"2014-09-08T11:13:06","guid":{"rendered":"http:\/\/www.sincomam.org.br\/?p=7642"},"modified":"2014-09-07T17:25:24","modified_gmt":"2014-09-07T20:25:24","slug":"ensino-medio-piora-em-16-estados-e-fica-abaixo-da-meta-do-governo","status":"publish","type":"post","link":"https:\/\/www.sincomam.org.br\/index.php\/ensino-medio-piora-em-16-estados-e-fica-abaixo-da-meta-do-governo\/","title":{"rendered":"Ensino m\u00e9dio piora em 16 Estados e fica abaixo da meta do governo"},"content":{"rendered":"<p>A qualidade do ensino m\u00e9dio p\u00fablico caiu em 16 Estados, incluindo S\u00e3o Paulo, e o desempenho nacional ficou abaixo da meta estipulada pelo governo federal, segundo a principal avalia\u00e7\u00e3o educacional do pa\u00eds.<\/p>\n<p>As constata\u00e7\u00f5es est\u00e3o presentes no Ideb, indicador federal que alia desempenho dos alunos em provas de portugu\u00eas e matem\u00e1tica com taxas de aprova\u00e7\u00e3o.<\/p>\n<p>A nota do pa\u00eds na rede p\u00fablica, que concentra 85% das matr\u00edculas, permaneceu em 3,4. A meta para este ano era de 3,6.<\/p>\n<p>Na rede privada, a nota caiu de 5,7 para 5,4. Mas, diferentemente do sistema p\u00fablico, as escolas particulares participam apenas dentro de uma amostra.<\/p>\n<p>O ensino m\u00e9dio \u00e9 visto por educadores como a etapa mais problem\u00e1tica de todo o sistema educacional. Essa etapa \u00e9, primordialmente, responsabilidade dos Estados. A Uni\u00e3o, por\u00e9m, tem o papel de induzir e sustentar pol\u00edticas para melhoria.<\/p>\n<p>H\u00e1 dois anos, quando os dados de 2011 foram apresentados, o governo federal prometeu reformular o curr\u00edculo, diminuindo o n\u00famero de disciplinas. A mudan\u00e7a ainda n\u00e3o foi implementada.<\/p>\n<p>O melhor Ideb do ensino m\u00e9dio foi o de Goi\u00e1s (3,8), seguido de S\u00e3o Paulo, mesmo com a queda, e Rio Grande do Sul (3,7).<\/p>\n<p><strong>Resultados do IDEB por estado<\/strong><\/p>\n<p><strong>Ensino m\u00e9dio &#8211; total<\/strong><\/p>\n<p>Estado &#8212; \u00cdndice 2011 &#8212; \u00cdndice 2013<\/p>\n<p>S\u00e3o Paulo &#8212; 4,1 &#8212; 4,1<\/p>\n<p>Rio de Janeiro &#8212; 3,7 &#8212; 4,0<\/p>\n<p>Santa Catarina &#8212; 4,3 &#8212; 4,0<\/p>\n<p>Goi\u00e1s &#8212; 3,8 &#8212; 4,0<\/p>\n<p>Distrito Federal &#8212; 3,8 &#8212; 4,0<\/p>\n<p><strong>Ensino fundamental &#8211; ciclo 1 &#8211; total<\/strong><\/p>\n<p>Estado &#8212; \u00cdndice 2011 &#8212; \u00cdndice 2013<\/p>\n<p>Minas Gerais &#8212; 5,9 &#8212; 6,1<\/p>\n<p>S\u00e3o Paulo &#8212; 5,6 &#8212; 6,1<\/p>\n<p>Santa Catarina &#8212; 5,8 &#8212; 6,0<\/p>\n<p>Paran\u00e1 &#8212; 5,6 &#8212; 5,9<\/p>\n<p>Distrito Federal &#8212; 5,7 &#8212; 5,9<\/p>\n<p><strong>Ensino fundamental &#8211; ciclo 2 &#8211; total<\/strong><\/p>\n<p>Estado &#8212; \u00edndice 2011 &#8212; \u00edndice 2013<\/p>\n<p>Minas Gerais &#8212; 4,6 &#8212; 4,8<\/p>\n<p>S\u00e3o Paulo &#8212; 4,7 &#8212; 4,7<\/p>\n<p>Goi\u00e1s &#8212; 4,2 &#8212; 4,7<\/p>\n<p>Santa Catarina &#8212; 4,9 &#8212; 4,5<\/p>\n<p>Acre &#8212; 4,2 &#8212; 4,4<\/p>\n<p>(Folhapress)<\/p>\n","protected":false},"excerpt":{"rendered":"<p>A qualidade do ensino m\u00e9dio p\u00fablico caiu em 16 Estados, incluindo S\u00e3o Paulo, e o desempenho nacional ficou abaixo da meta estipulada pelo governo federal,&#8230;<\/p>\n","protected":false},"author":1182,"featured_media":3546,"comment_status":"closed","ping_status":"closed","sticky":false,"template":"","format":"standard","meta":{"footnotes":""},"categories":[6],"tags":[],"class_list":["post-7642","post","type-post","status-publish","format-standard","has-post-thumbnail","hentry","category-noticias"],"_links":{"self":[{"href":"https:\/\/www.sincomam.org.br\/index.php\/wp-json\/wp\/v2\/posts\/7642","targetHints":{"allow":["GET"]}}],"collection":[{"href":"https:\/\/www.sincomam.org.br\/index.php\/wp-json\/wp\/v2\/posts"}],"about":[{"href":"https:\/\/www.sincomam.org.br\/index.php\/wp-json\/wp\/v2\/types\/post"}],"author":[{"embeddable":true,"href":"https:\/\/www.sincomam.org.br\/index.php\/wp-json\/wp\/v2\/users\/1182"}],"replies":[{"embeddable":true,"href":"https:\/\/www.sincomam.org.br\/index.php\/wp-json\/wp\/v2\/comments?post=7642"}],"version-history":[{"count":1,"href":"https:\/\/www.sincomam.org.br\/index.php\/wp-json\/wp\/v2\/posts\/7642\/revisions"}],"predecessor-version":[{"id":7643,"href":"https:\/\/www.sincomam.org.br\/index.php\/wp-json\/wp\/v2\/posts\/7642\/revisions\/7643"}],"wp:featuredmedia":[{"embeddable":true,"href":"https:\/\/www.sincomam.org.br\/index.php\/wp-json\/wp\/v2\/media\/3546"}],"wp:attachment":[{"href":"https:\/\/www.sincomam.org.br\/index.php\/wp-json\/wp\/v2\/media?parent=7642"}],"wp:term":[{"taxonomy":"category","embeddable":true,"href":"https:\/\/www.sincomam.org.br\/index.php\/wp-json\/wp\/v2\/categories?post=7642"},{"taxonomy":"post_tag","embeddable":true,"href":"https:\/\/www.sincomam.org.br\/index.php\/wp-json\/wp\/v2\/tags?post=7642"}],"curies":[{"name":"wp","href":"https:\/\/api.w.org\/{rel}","templated":true}]}}