{"id":7640,"date":"2014-09-08T08:02:36","date_gmt":"2014-09-08T11:02:36","guid":{"rendered":"http:\/\/www.sincomam.org.br\/?p=7640"},"modified":"2014-09-07T17:09:16","modified_gmt":"2014-09-07T20:09:16","slug":"escandalo-petrobras-vazamento-de-delacao-premiada-e-boataria-diz-ministro","status":"publish","type":"post","link":"https:\/\/www.sincomam.org.br\/index.php\/escandalo-petrobras-vazamento-de-delacao-premiada-e-boataria-diz-ministro\/","title":{"rendered":"Esc\u00e2ndalo Petrobras: vazamento de dela\u00e7\u00e3o premiada \u00e9 &#8216;boataria&#8217;, diz ministro"},"content":{"rendered":"<p>O ministro da Secretaria Geral da Presid\u00eancia, Gilberto Carvalho, saiu em defesa dos parlamentares apontados na dela\u00e7\u00e3o premiada do ex-diretor da Petrobras Paulo Roberto Costa como parte de um esquema de pagamento de propina na Petrobras.<\/p>\n<p>O ministro, amigo pessoal do ex-presidente Luiz In\u00e1cio Lula da Silva, falou em \u201cboataria de um vazamento de um procedimento\u201d ao se referir \u00e0 dela\u00e7\u00e3o premiada requerida pelo ex-diretor da Petrobras. Em sua avalia\u00e7\u00e3o, vazamento \u201c\u00e9 uma coisa em geral dirigida\u201d, com a finalidade de \u201cproteger um e beneficiar outro\u201d.<\/p>\n<p>Para Gilberto Carvalho, \u201cest\u00e3o tentando usar a not\u00edcia parcial da dela\u00e7\u00e3o premiada para, no desespero, mudar o rumo da campanha eleitoral\u201d. O ministro afirmou, entretanto, que \u201cuma simples not\u00edcia com o alarde dessa n\u00e3o dever\u00e1 interferir no destino das elei\u00e7\u00f5es\u201d.<\/p>\n<p>Segundo publicado pela revista \u201cVeja\u201d neste fim de semana, pelo menos 25 deputados federais, seis senadores, tr\u00eas governadores, um ministro de Estado e pelo menos tr\u00eas partidos pol\u00edticos &#8211; PT, PMDB e PP &#8211; teriam sido beneficiados pelo megaesquema de lavagem de dinheiro comandado pelo doleiro Alberto Youssef na estatal.<\/p>\n<p>\u201cN\u00f3s n\u00e3o estamos aceitando esse processo como um processo por enquanto real. Se ele vier a ser real, as apura\u00e7\u00f5es ser\u00e3o feitas como sempre ocorreram\u201c, disse o ministro, ap\u00f3s participar do desfile comemorativo do Dia da Independ\u00eancia, em Bras\u00edlia. \u201cEu n\u00e3o aceito, n\u00e3o posso tomar como den\u00fancia contra a base aliada, uma boataria de um vazamento de um procedimento que eu n\u00e3o sei qual \u00e9\u201d, afirmou.<\/p>\n<p>O ministro fora questionado em entrevista \u00e0 imprensa sobre a defesa que o governo e a campanha petista presidencial t\u00eam feito da necessidade de contar com uma ampla base de apoio no Congresso, mesmo que a atual sustenta\u00e7\u00e3o pol\u00edtica do governo esteja envolvida em den\u00fancias, e afirmou que o importante para o governo \u00e9 uma base \u201cperfilada com os projetos que est\u00e3o mudando o Brasil\u201d.<\/p>\n<p>\u201cS\u00e3o partidos diferentes, com comportamentos diferentes, mas o que importa para n\u00f3s fundamentalmente \u00e9 a postura de defesa das bandeiras das mudan\u00e7as que estamos fazendo at\u00e9 agora e est\u00e3o mudando o pa\u00eds\u201d, disse o ministro, demonstrando contrariedade com o questionamento.<\/p>\n<p>Gilberto Carvalho aproveitou para afirmar a import\u00e2ncia de uma consulta popular para a realiza\u00e7\u00e3o de uma ampla reforma pol\u00edtica, sobretudo, para \u201catacar a raiz da corrup\u00e7\u00e3o e mudar o sistema pol\u00edtico\u201d.<\/p>\n<p>O ministro tamb\u00e9m confirmou que vai se afastar das atividades de governo a partir da pr\u00f3xima segunda-feira para se dedicar \u00e0 campanha para a reelei\u00e7\u00e3o da presidente Dilma Rousseff (PT). Segundo ele, sua atua\u00e7\u00e3o n\u00e3o se restringir\u00e1 ao eleitorado religioso &#8211; tradicional segmento da sociedade sobre o qual tem sido respons\u00e1vel no governo federal petista. \u201cMeu trabalho \u00e9 na mobiliza\u00e7\u00e3o com os movimentos sociais em geral\u201d, disse.<\/p>\n<p>Fonte: Valor Econ\u00f4mico \/ Bruno Peres<\/p>\n","protected":false},"excerpt":{"rendered":"<p>O ministro da Secretaria Geral da Presid\u00eancia, Gilberto Carvalho, saiu em defesa dos parlamentares apontados na dela\u00e7\u00e3o premiada do ex-diretor da Petrobras Paulo Roberto Costa&#8230;<\/p>\n","protected":false},"author":1182,"featured_media":0,"comment_status":"closed","ping_status":"closed","sticky":false,"template":"","format":"standard","meta":{"footnotes":""},"categories":[6],"tags":[],"class_list":["post-7640","post","type-post","status-publish","format-standard","hentry","category-noticias"],"_links":{"self":[{"href":"https:\/\/www.sincomam.org.br\/index.php\/wp-json\/wp\/v2\/posts\/7640","targetHints":{"allow":["GET"]}}],"collection":[{"href":"https:\/\/www.sincomam.org.br\/index.php\/wp-json\/wp\/v2\/posts"}],"about":[{"href":"https:\/\/www.sincomam.org.br\/index.php\/wp-json\/wp\/v2\/types\/post"}],"author":[{"embeddable":true,"href":"https:\/\/www.sincomam.org.br\/index.php\/wp-json\/wp\/v2\/users\/1182"}],"replies":[{"embeddable":true,"href":"https:\/\/www.sincomam.org.br\/index.php\/wp-json\/wp\/v2\/comments?post=7640"}],"version-history":[{"count":1,"href":"https:\/\/www.sincomam.org.br\/index.php\/wp-json\/wp\/v2\/posts\/7640\/revisions"}],"predecessor-version":[{"id":7641,"href":"https:\/\/www.sincomam.org.br\/index.php\/wp-json\/wp\/v2\/posts\/7640\/revisions\/7641"}],"wp:attachment":[{"href":"https:\/\/www.sincomam.org.br\/index.php\/wp-json\/wp\/v2\/media?parent=7640"}],"wp:term":[{"taxonomy":"category","embeddable":true,"href":"https:\/\/www.sincomam.org.br\/index.php\/wp-json\/wp\/v2\/categories?post=7640"},{"taxonomy":"post_tag","embeddable":true,"href":"https:\/\/www.sincomam.org.br\/index.php\/wp-json\/wp\/v2\/tags?post=7640"}],"curies":[{"name":"wp","href":"https:\/\/api.w.org\/{rel}","templated":true}]}}