{"id":7631,"date":"2014-09-08T08:08:22","date_gmt":"2014-09-08T11:08:22","guid":{"rendered":"http:\/\/www.sincomam.org.br\/?p=7631"},"modified":"2014-09-07T16:50:40","modified_gmt":"2014-09-07T19:50:40","slug":"ibama-assina-licenca-de-instalacao-do-estaleiro-do-nordeste-al","status":"publish","type":"post","link":"https:\/\/www.sincomam.org.br\/index.php\/ibama-assina-licenca-de-instalacao-do-estaleiro-do-nordeste-al\/","title":{"rendered":"Ibama assina licen\u00e7a de instala\u00e7\u00e3o do Estaleiro do Nordeste (AL)"},"content":{"rendered":"<p>O Instituto Brasileiro do Meio Ambiente e dos Recursos Naturais Renov\u00e1veis (Ibama) assinou na \u00faltima quinta-feira (4), a licen\u00e7a de instala\u00e7\u00e3o do Estaleiro do Nordeste (Enor), que ser\u00e1 instalado em Coruripe (AL). A unidade ser\u00e1 voltada para constru\u00e7\u00e3o de embarca\u00e7\u00f5es mercantes, offshore, portu\u00e1rias e militares. O projeto ocupar\u00e1 \u00e1rea total de 260,5 hectares, sendo 2.110.000 metros quadrados de \u00e1rea industrial e mar\u00edtima.<\/p>\n<p>O estaleiro ter\u00e1 dois molhes, um ao norte, com 1.673,55 metros de comprimento, e outro ao sul, com 594,94 metros. A bacia de evolu\u00e7\u00e3o ter\u00e1 316.725 m\u00b2 e profundidade de -7 metros. O volume a ser dragado \u00e9 da ordem de 1,8 milh\u00e3o de m\u00b3.<\/p>\n<p>A LI possui quatro anos de validade, contados a partir da data de assinatura. O Ibama atribuiu ao empreendimento grau de impacto de 0,46% e estipulou em R$ 6,8 milh\u00f5es o valor de compensa\u00e7\u00e3o ambiental referente ao projeto. Antes do in\u00edcio das obras, o empreendedor dever\u00e1 apresentar a vers\u00e3o final do projeto b\u00e1sico de engenharia do estaleiro, com a revis\u00e3o dos anexos e acr\u00e9scimo dos desenhos t\u00e9cnicos.<\/p>\n<p>Entre as condicionantes, o empreendedor dever\u00e1 apresentar a identifica\u00e7\u00e3o e proposta de equacionamento dos potenciais conflitos gerados pela opera\u00e7\u00e3o e transfer\u00eancia de areia em diferentes \u00e9pocas do ano, no \u00e2mbito do programa de gest\u00e3o da linha de costa e de monitoramento praia.<\/p>\n<p>Fonte: Portos e Navios<\/p>\n","protected":false},"excerpt":{"rendered":"<p>O Instituto Brasileiro do Meio Ambiente e dos Recursos Naturais Renov\u00e1veis (Ibama) assinou na \u00faltima quinta-feira (4), a licen\u00e7a de instala\u00e7\u00e3o do Estaleiro do Nordeste&#8230;<\/p>\n","protected":false},"author":1182,"featured_media":0,"comment_status":"closed","ping_status":"closed","sticky":false,"template":"","format":"standard","meta":{"footnotes":""},"categories":[6],"tags":[],"class_list":["post-7631","post","type-post","status-publish","format-standard","hentry","category-noticias"],"_links":{"self":[{"href":"https:\/\/www.sincomam.org.br\/index.php\/wp-json\/wp\/v2\/posts\/7631","targetHints":{"allow":["GET"]}}],"collection":[{"href":"https:\/\/www.sincomam.org.br\/index.php\/wp-json\/wp\/v2\/posts"}],"about":[{"href":"https:\/\/www.sincomam.org.br\/index.php\/wp-json\/wp\/v2\/types\/post"}],"author":[{"embeddable":true,"href":"https:\/\/www.sincomam.org.br\/index.php\/wp-json\/wp\/v2\/users\/1182"}],"replies":[{"embeddable":true,"href":"https:\/\/www.sincomam.org.br\/index.php\/wp-json\/wp\/v2\/comments?post=7631"}],"version-history":[{"count":1,"href":"https:\/\/www.sincomam.org.br\/index.php\/wp-json\/wp\/v2\/posts\/7631\/revisions"}],"predecessor-version":[{"id":7632,"href":"https:\/\/www.sincomam.org.br\/index.php\/wp-json\/wp\/v2\/posts\/7631\/revisions\/7632"}],"wp:attachment":[{"href":"https:\/\/www.sincomam.org.br\/index.php\/wp-json\/wp\/v2\/media?parent=7631"}],"wp:term":[{"taxonomy":"category","embeddable":true,"href":"https:\/\/www.sincomam.org.br\/index.php\/wp-json\/wp\/v2\/categories?post=7631"},{"taxonomy":"post_tag","embeddable":true,"href":"https:\/\/www.sincomam.org.br\/index.php\/wp-json\/wp\/v2\/tags?post=7631"}],"curies":[{"name":"wp","href":"https:\/\/api.w.org\/{rel}","templated":true}]}}