{"id":7618,"date":"2014-09-05T10:49:43","date_gmt":"2014-09-05T13:49:43","guid":{"rendered":"http:\/\/www.sincomam.org.br\/?p=7618"},"modified":"2014-09-05T10:49:43","modified_gmt":"2014-09-05T13:49:43","slug":"marinha-do-brasil-fara-desfile-naval-no-7-de-setembro","status":"publish","type":"post","link":"https:\/\/www.sincomam.org.br\/index.php\/marinha-do-brasil-fara-desfile-naval-no-7-de-setembro\/","title":{"rendered":"Marinha do Brasil far\u00e1 Desfile Naval no 7 de setembro"},"content":{"rendered":"<p>Em comemora\u00e7\u00e3o ao Dia da Independ\u00eancia do Brasil \u2013 7 de setembro \u2013 a Marinha do Brasil realizar\u00e1 o tradicional Desfile Naval, com a participa\u00e7\u00e3o de navios de guerra e aeronaves na orla do Rio de Janeiro. O evento est\u00e1 programado para iniciar \u00e0s 8h30 na praia do Recreio e seguir\u00e1 pelas orlas da Barra da Tijuca, Leblon, Ipanema, Copacabana, Leme, Flamengo, at\u00e9 chegar em Botafogo.<\/p>\n<p>Este ano, o Desfile Naval contar\u00e1 com a participa\u00e7\u00e3o do Submarino Tapaj\u00f3, da Fragata Greenhalgh, do Navio de Socorro Submarino Felinto Perry, da Fragata Rademaker, do Navio-Tanque Maraj\u00f3, da Fragata Niter\u00f3i, do Navio Oceanogr\u00e1fico Antares, do Navio-Patrulha Oce\u00e2nico Apa, do Navio-Patrulha Maca\u00e9, do Navio-Patrulha Guapor\u00e9 e das Aeronaves Super Lynx, Esquilo, Super Cougar, Bell Jet Ranger, Skyhawk e Sea Hawk, todos da Marinha do Brasil. Tamb\u00e9m far\u00e3o parte do evento, navios de Marinhas estrangeiras, tais como: Fragata Isandlwana, da Marinha da \u00c1frica do Sul; Corveta Rosales, da Armada Argentina; e Fragata Uruguay, da Armada da Rep\u00fablica Oriental do Uruguai.<\/p>\n<p>O Desfile Naval acontece h\u00e1 7 anos no Rio de Janeiro e re\u00fane milhares de pessoas que se deslocam para a orla carioca, a fim de apreciar, al\u00e9m dos navios, os sobrevoos das aeronaves da Marinha do Brasil.<\/p>\n<p>Divulga\u00e7\u00e3o: MB<\/p>\n","protected":false},"excerpt":{"rendered":"<p>Em comemora\u00e7\u00e3o ao Dia da Independ\u00eancia do Brasil \u2013 7 de setembro \u2013 a Marinha do Brasil realizar\u00e1 o tradicional Desfile Naval, com a participa\u00e7\u00e3o&#8230;<\/p>\n","protected":false},"author":1182,"featured_media":7619,"comment_status":"closed","ping_status":"closed","sticky":false,"template":"","format":"standard","meta":{"footnotes":""},"categories":[6],"tags":[],"class_list":["post-7618","post","type-post","status-publish","format-standard","has-post-thumbnail","hentry","category-noticias"],"_links":{"self":[{"href":"https:\/\/www.sincomam.org.br\/index.php\/wp-json\/wp\/v2\/posts\/7618","targetHints":{"allow":["GET"]}}],"collection":[{"href":"https:\/\/www.sincomam.org.br\/index.php\/wp-json\/wp\/v2\/posts"}],"about":[{"href":"https:\/\/www.sincomam.org.br\/index.php\/wp-json\/wp\/v2\/types\/post"}],"author":[{"embeddable":true,"href":"https:\/\/www.sincomam.org.br\/index.php\/wp-json\/wp\/v2\/users\/1182"}],"replies":[{"embeddable":true,"href":"https:\/\/www.sincomam.org.br\/index.php\/wp-json\/wp\/v2\/comments?post=7618"}],"version-history":[{"count":1,"href":"https:\/\/www.sincomam.org.br\/index.php\/wp-json\/wp\/v2\/posts\/7618\/revisions"}],"predecessor-version":[{"id":7620,"href":"https:\/\/www.sincomam.org.br\/index.php\/wp-json\/wp\/v2\/posts\/7618\/revisions\/7620"}],"wp:featuredmedia":[{"embeddable":true,"href":"https:\/\/www.sincomam.org.br\/index.php\/wp-json\/wp\/v2\/media\/7619"}],"wp:attachment":[{"href":"https:\/\/www.sincomam.org.br\/index.php\/wp-json\/wp\/v2\/media?parent=7618"}],"wp:term":[{"taxonomy":"category","embeddable":true,"href":"https:\/\/www.sincomam.org.br\/index.php\/wp-json\/wp\/v2\/categories?post=7618"},{"taxonomy":"post_tag","embeddable":true,"href":"https:\/\/www.sincomam.org.br\/index.php\/wp-json\/wp\/v2\/tags?post=7618"}],"curies":[{"name":"wp","href":"https:\/\/api.w.org\/{rel}","templated":true}]}}