{"id":7599,"date":"2014-09-04T08:34:16","date_gmt":"2014-09-04T11:34:16","guid":{"rendered":"http:\/\/www.sincomam.org.br\/?p=7599"},"modified":"2014-09-03T23:35:17","modified_gmt":"2014-09-04T02:35:17","slug":"internacional-oms-informa-que-ebola-ja-causou-mais-de-1-900-mortes-na-africa-ocidental","status":"publish","type":"post","link":"https:\/\/www.sincomam.org.br\/index.php\/internacional-oms-informa-que-ebola-ja-causou-mais-de-1-900-mortes-na-africa-ocidental\/","title":{"rendered":"Internacional: OMS informa que ebola j\u00e1 causou mais de 1.900 mortes na \u00c1frica Ocidental"},"content":{"rendered":"<p>Mais de 1.900 pessoas morreram devido ao v\u00edrus ebola, segundo novo balan\u00e7o da Organiza\u00e7\u00e3o Mundial da Sa\u00fade (OMS) sobre a epidemia que atinge a \u00c1frica Ocidental. \u201cDe acordo com o \u00faltimo balan\u00e7o desta semana, temos conhecimento de 3.500 casos [de infec\u00e7\u00e3o] confirmados na Guin\u00e9-Conacri, emSerra Leoa e na Lib\u00e9ria, com mais de 1.900 mortes\u201d, disse hoje (3) a diretora-geral da OMS, Margaret Chan.<\/p>\n<p>Ela revelou, em Washington, que \u201ca epidemia est\u00e1 crescendo\u201d. Os n\u00fameros divulgados hoje mostram forte aumento da mortalidade, depois de, na semana passada, a organiza\u00e7\u00e3o ter notificado 1.552 mortes em 3.069 infectados. O n\u00famero de mortes provocadas pela epidemia &#8211; sem precedente, desde a apari\u00e7\u00e3o do v\u00edrus, em 1976, no antigo Zaire, hoje Congo &#8211; ultrapassou a totalidade de v\u00edtimas que morreram em todos os surtos anteriores.<\/p>\n<p>Em coletiva de imprensa, Margaret Chan demonstrou otimismo quanto \u00e0 possibilidade de a ci\u00eancia neutralizar a transmiss\u00e3o do v\u00edrus ebola a m\u00e9dio prazo, gra\u00e7as \u00e0 mobiliza\u00e7\u00e3o internacional. \u201cCom uma resposta internacional coordenada, a mobiliza\u00e7\u00e3o de fundos e a vinda de especialistas t\u00e9cnicos, esperamos travar toda a transmiss\u00e3o entre seis a nove meses\u201d, disse.<\/p>\n<p>Ela explicou que nos pa\u00edses em que o surto \u00e9 mais intenso \u2013 Guin\u00e9-Conacri, Lib\u00e9ria e Serra Leoa \u2013, a OMS \u201cquer reverter a tend\u00eancia de infec\u00e7\u00e3o em tr\u00eas meses\u201d. Quanto ao Senegal e \u00e0 Rep\u00fablica Democr\u00e1tica do Congo, onde j\u00e1 se registaram casos isolados de ebola, \u201cpretendemos parar a transmiss\u00e3o localizada em oito semanas\u201d, precisou Chan.<\/p>\n<p>Fonte: Ag\u00eancia Brasil<\/p>\n","protected":false},"excerpt":{"rendered":"<p>Mais de 1.900 pessoas morreram devido ao v\u00edrus ebola, segundo novo balan\u00e7o da Organiza\u00e7\u00e3o Mundial da Sa\u00fade (OMS) sobre a epidemia que atinge a \u00c1frica&#8230;<\/p>\n","protected":false},"author":1182,"featured_media":7033,"comment_status":"closed","ping_status":"closed","sticky":false,"template":"","format":"standard","meta":{"footnotes":""},"categories":[6],"tags":[],"class_list":["post-7599","post","type-post","status-publish","format-standard","has-post-thumbnail","hentry","category-noticias"],"_links":{"self":[{"href":"https:\/\/www.sincomam.org.br\/index.php\/wp-json\/wp\/v2\/posts\/7599","targetHints":{"allow":["GET"]}}],"collection":[{"href":"https:\/\/www.sincomam.org.br\/index.php\/wp-json\/wp\/v2\/posts"}],"about":[{"href":"https:\/\/www.sincomam.org.br\/index.php\/wp-json\/wp\/v2\/types\/post"}],"author":[{"embeddable":true,"href":"https:\/\/www.sincomam.org.br\/index.php\/wp-json\/wp\/v2\/users\/1182"}],"replies":[{"embeddable":true,"href":"https:\/\/www.sincomam.org.br\/index.php\/wp-json\/wp\/v2\/comments?post=7599"}],"version-history":[{"count":1,"href":"https:\/\/www.sincomam.org.br\/index.php\/wp-json\/wp\/v2\/posts\/7599\/revisions"}],"predecessor-version":[{"id":7600,"href":"https:\/\/www.sincomam.org.br\/index.php\/wp-json\/wp\/v2\/posts\/7599\/revisions\/7600"}],"wp:featuredmedia":[{"embeddable":true,"href":"https:\/\/www.sincomam.org.br\/index.php\/wp-json\/wp\/v2\/media\/7033"}],"wp:attachment":[{"href":"https:\/\/www.sincomam.org.br\/index.php\/wp-json\/wp\/v2\/media?parent=7599"}],"wp:term":[{"taxonomy":"category","embeddable":true,"href":"https:\/\/www.sincomam.org.br\/index.php\/wp-json\/wp\/v2\/categories?post=7599"},{"taxonomy":"post_tag","embeddable":true,"href":"https:\/\/www.sincomam.org.br\/index.php\/wp-json\/wp\/v2\/tags?post=7599"}],"curies":[{"name":"wp","href":"https:\/\/api.w.org\/{rel}","templated":true}]}}