{"id":7590,"date":"2014-09-04T08:41:18","date_gmt":"2014-09-04T11:41:18","guid":{"rendered":"http:\/\/www.sincomam.org.br\/?p=7590"},"modified":"2014-09-03T22:48:06","modified_gmt":"2014-09-04T01:48:06","slug":"internacional-marinha-calcula-que-corrente-levou-veleiro-a-deriva-para-lado-da-africa","status":"publish","type":"post","link":"https:\/\/www.sincomam.org.br\/index.php\/internacional-marinha-calcula-que-corrente-levou-veleiro-a-deriva-para-lado-da-africa\/","title":{"rendered":"Internacional: Marinha calcula que corrente levou veleiro \u00e0 deriva para lado da \u00c1frica"},"content":{"rendered":"<p>Oito dias ap\u00f3s o primeiro pedido de socorro feito por velejadores argentinos, equipes da Marinha continuam as buscas ao veleiro Tunante II, desaparecido a leste do Porto de Rio Grande, no Sul do Rio Grande do Sul. At\u00e9 agora nenhum vest\u00edgio foi encontrado. A suspeita \u00e9 de que o vento e a corrente estejam levando a embarca\u00e7\u00e3o para o lado da \u00c1frica.<\/p>\n<p>As buscas n\u00e3o param. Tr\u00eas aeronaves e dois navios de guerra do Brasil e da Argentina seguem a procura em alto mar, a cerca de 800 quil\u00f4metros do munic\u00edpio.<\/p>\n<p>Conforme a Marinha, coletes salva-vidas encontrados no s\u00e1bado (30) n\u00e3o s\u00e3o dos quatro tripulantes argentinos. Al\u00e9m de muito deteriorados, os equipamentos tinham o nome de uma outra embarca\u00e7\u00e3o.<\/p>\n<p>\u201cPelos nossos c\u00e1lculos, de deriva e de vento, tudo leva a crer que vento e a corrente est\u00e3o levando eles para o lado da \u00c1frica\u201d, aponta o capit\u00e3o Lu\u00eds Felipe Rabello Freir, chefe do Estado-Maior.<\/p>\n<p>De acordo com os militares, o veleiro \u00e9 moderno e passou por uma revitaliza\u00e7\u00e3o antes da viagem. O bote da embarca\u00e7\u00e3o tem \u00e1gua e comida por at\u00e9 15 dias e os velejadores tem experi\u00eancia n\u00e1utica. O \u00faltimo contato foi feito na quarta-feira (27), \u00e0s 4h.<\/p>\n<p>Imagens cedidas pela Marinha mostram o primeiro dia de buscas, quando as ondas chegavam a sete metros de altura e o vento a 90 km\/h. A profundidade era de mais de 1,5 mil metros. O Tunante II saiu de Buenos Aires com destino a B\u00fazios, no Rio de Janeiro.<\/p>\n<p>Fonte: CBN \/ Foz<br \/>Foto: divulga\u00e7\u00e3o\/ ilustrativa<\/p>\n","protected":false},"excerpt":{"rendered":"<p>Oito dias ap\u00f3s o primeiro pedido de socorro feito por velejadores argentinos, equipes da Marinha continuam as buscas ao veleiro Tunante II, desaparecido a leste&#8230;<\/p>\n","protected":false},"author":1182,"featured_media":7591,"comment_status":"closed","ping_status":"closed","sticky":false,"template":"","format":"standard","meta":{"footnotes":""},"categories":[6],"tags":[],"class_list":["post-7590","post","type-post","status-publish","format-standard","has-post-thumbnail","hentry","category-noticias"],"_links":{"self":[{"href":"https:\/\/www.sincomam.org.br\/index.php\/wp-json\/wp\/v2\/posts\/7590","targetHints":{"allow":["GET"]}}],"collection":[{"href":"https:\/\/www.sincomam.org.br\/index.php\/wp-json\/wp\/v2\/posts"}],"about":[{"href":"https:\/\/www.sincomam.org.br\/index.php\/wp-json\/wp\/v2\/types\/post"}],"author":[{"embeddable":true,"href":"https:\/\/www.sincomam.org.br\/index.php\/wp-json\/wp\/v2\/users\/1182"}],"replies":[{"embeddable":true,"href":"https:\/\/www.sincomam.org.br\/index.php\/wp-json\/wp\/v2\/comments?post=7590"}],"version-history":[{"count":1,"href":"https:\/\/www.sincomam.org.br\/index.php\/wp-json\/wp\/v2\/posts\/7590\/revisions"}],"predecessor-version":[{"id":7592,"href":"https:\/\/www.sincomam.org.br\/index.php\/wp-json\/wp\/v2\/posts\/7590\/revisions\/7592"}],"wp:featuredmedia":[{"embeddable":true,"href":"https:\/\/www.sincomam.org.br\/index.php\/wp-json\/wp\/v2\/media\/7591"}],"wp:attachment":[{"href":"https:\/\/www.sincomam.org.br\/index.php\/wp-json\/wp\/v2\/media?parent=7590"}],"wp:term":[{"taxonomy":"category","embeddable":true,"href":"https:\/\/www.sincomam.org.br\/index.php\/wp-json\/wp\/v2\/categories?post=7590"},{"taxonomy":"post_tag","embeddable":true,"href":"https:\/\/www.sincomam.org.br\/index.php\/wp-json\/wp\/v2\/tags?post=7590"}],"curies":[{"name":"wp","href":"https:\/\/api.w.org\/{rel}","templated":true}]}}