{"id":7588,"date":"2014-09-04T08:33:34","date_gmt":"2014-09-04T11:33:34","guid":{"rendered":"http:\/\/www.sincomam.org.br\/?p=7588"},"modified":"2014-09-03T22:39:33","modified_gmt":"2014-09-04T01:39:33","slug":"marinha-do-brasil-abre-738-vagas-em-curso-de-formacao","status":"publish","type":"post","link":"https:\/\/www.sincomam.org.br\/index.php\/marinha-do-brasil-abre-738-vagas-em-curso-de-formacao\/","title":{"rendered":"Marinha do Brasil abre 738 vagas em curso de forma\u00e7\u00e3o"},"content":{"rendered":"<p>A Diretoria de Ensino da Marinha (DEnsM), anunciou a abertura do Concurso P\u00fablico destinado \u00e0 admiss\u00e3o ao Curso de Forma\u00e7\u00e3o para Ingresso no Corpo Auxiliar de Pra\u00e7as da Marinha (CP-CAP), de 738 candidatos.<\/p>\n<p>As oportunidades est\u00e3o distribu\u00eddas entre as especialidades de Administra\u00e7\u00e3o (129), Administra\u00e7\u00e3o Hospitalar (3), Contabilidade (20), Desenho de Arquitetura (5), Desenho Mec\u00e2nico (3), Edifica\u00e7\u00f5es (2), Eletr\u00f4nica (25), Eletrot\u00e9cnica (60), Enfermagem (109), Estat\u00edstica (13), Estruturas Navais (22), Geod\u00e9sia e Cartografia (14), Gr\u00e1fica (18), Higiene Dental (2), Marcenaria (12), Mec\u00e2nica (54), Metalurgia (53), Meteorologia (21), Motores (25), Nutri\u00e7\u00e3o e Diet\u00e9tica (2), Patologia Cl\u00ednica (2), Processamento de Dados (38), Pr\u00f3tese Dent\u00e1ria (2), Qu\u00edmica (40), Radiologia M\u00e9dica (5), Secretariado (50) e Telecomunica\u00e7\u00f5es (9).<\/p>\n<p>Podem concorrer, profissionais com forma\u00e7\u00e3o de n\u00edvel t\u00e9cnico que efetuarem as inscri\u00e7\u00f5es de 9 de setembro de 2014 a 8 de outubro de 2014, nas Organiza\u00e7\u00f5es Respons\u00e1veis pela Divulga\u00e7\u00e3o (ORDI) do Rio de Janeiro &#8211; RJ, Vila Velha &#8211; ES, Salvador &#8211; BA, Natal &#8211; RN, Olinda &#8211; PE, Fortaleza &#8211; CE, Bel\u00e9m &#8211; PA, S\u00e3o Luis &#8211; MA, Rio Grande &#8211; RS, Porto Alegre &#8211; RS, Florian\u00f3polis &#8211; SC, Lad\u00e1rio &#8211; MS, Bras\u00edlia &#8211; DF, S\u00e3o Paulo &#8211; SP, Manaus &#8211; AM e Santos &#8211; SP.<\/p>\n<p>Os inscritos ser\u00e3o avaliados por Prova &#8211; Escrita Objetiva, Inspe\u00e7\u00e3o de Sa\u00fade (IS), Teste de Aptid\u00e3o F\u00edsica (TAF) e Avalia\u00e7\u00e3o Psicol\u00f3gica (AP).<\/p>\n<p>Fonte: O Povo online<\/p>\n","protected":false},"excerpt":{"rendered":"<p>A Diretoria de Ensino da Marinha (DEnsM), anunciou a abertura do Concurso P\u00fablico destinado \u00e0 admiss\u00e3o ao Curso de Forma\u00e7\u00e3o para Ingresso no Corpo Auxiliar&#8230;<\/p>\n","protected":false},"author":1182,"featured_media":5915,"comment_status":"closed","ping_status":"closed","sticky":false,"template":"","format":"standard","meta":{"footnotes":""},"categories":[6],"tags":[],"class_list":["post-7588","post","type-post","status-publish","format-standard","has-post-thumbnail","hentry","category-noticias"],"_links":{"self":[{"href":"https:\/\/www.sincomam.org.br\/index.php\/wp-json\/wp\/v2\/posts\/7588","targetHints":{"allow":["GET"]}}],"collection":[{"href":"https:\/\/www.sincomam.org.br\/index.php\/wp-json\/wp\/v2\/posts"}],"about":[{"href":"https:\/\/www.sincomam.org.br\/index.php\/wp-json\/wp\/v2\/types\/post"}],"author":[{"embeddable":true,"href":"https:\/\/www.sincomam.org.br\/index.php\/wp-json\/wp\/v2\/users\/1182"}],"replies":[{"embeddable":true,"href":"https:\/\/www.sincomam.org.br\/index.php\/wp-json\/wp\/v2\/comments?post=7588"}],"version-history":[{"count":1,"href":"https:\/\/www.sincomam.org.br\/index.php\/wp-json\/wp\/v2\/posts\/7588\/revisions"}],"predecessor-version":[{"id":7589,"href":"https:\/\/www.sincomam.org.br\/index.php\/wp-json\/wp\/v2\/posts\/7588\/revisions\/7589"}],"wp:featuredmedia":[{"embeddable":true,"href":"https:\/\/www.sincomam.org.br\/index.php\/wp-json\/wp\/v2\/media\/5915"}],"wp:attachment":[{"href":"https:\/\/www.sincomam.org.br\/index.php\/wp-json\/wp\/v2\/media?parent=7588"}],"wp:term":[{"taxonomy":"category","embeddable":true,"href":"https:\/\/www.sincomam.org.br\/index.php\/wp-json\/wp\/v2\/categories?post=7588"},{"taxonomy":"post_tag","embeddable":true,"href":"https:\/\/www.sincomam.org.br\/index.php\/wp-json\/wp\/v2\/tags?post=7588"}],"curies":[{"name":"wp","href":"https:\/\/api.w.org\/{rel}","templated":true}]}}