{"id":7525,"date":"2014-09-02T08:56:31","date_gmt":"2014-09-02T11:56:31","guid":{"rendered":"http:\/\/www.sincomam.org.br\/?p=7525"},"modified":"2014-09-01T22:57:14","modified_gmt":"2014-09-02T01:57:14","slug":"porto-de-paranagua-comeca-a-receber-os-carregadores-de-navios","status":"publish","type":"post","link":"https:\/\/www.sincomam.org.br\/index.php\/porto-de-paranagua-comeca-a-receber-os-carregadores-de-navios\/","title":{"rendered":"Porto de Paranagu\u00e1 come\u00e7a a receber os carregadores de navios"},"content":{"rendered":"<p><strong><em>Equipamentos devem aumentar em mais de 30% a produtividade na exporta\u00e7\u00e3o de soja, milho e farelo pelo complexo<\/em><\/strong><\/p>\n<p>Dois dos quatro novos carregadores de navios j\u00e1 est\u00e3o sendo montados, no ber\u00e7o 213 do Corredor de Exporta\u00e7\u00e3o do Porto de Paranagu\u00e1. As pe\u00e7as, dispostas no canteiro de obra montado no p\u00e1tio em frente ao local, come\u00e7aram a chegar no in\u00edcio deste m\u00eas. O investimento foi de R$ 59,4 milh\u00f5es e os equipamentos t\u00eam capacidade de carregar at\u00e9 duas mil toneladas de gran\u00e9is por hora (cada). A expectativa \u00e9 que os equipamentos aumentem em mais de 30% a produtividade na exporta\u00e7\u00e3o de soja, milho e farelo pelo complexo.<\/p>\n<p>Dos outros dois equipamentos que est\u00e3o por vir, um ser\u00e1 montado no ber\u00e7o 212 e outro no 214. Segundo Luiz Henrique Dividino, diretor-presidente da Appa (Administra\u00e7\u00e3o dos Portos de Paranagu\u00e1 e Antonina), quatro dois seis shiploaders (carregadores) que operam no corredor ser\u00e3o repostos.<\/p>\n<p>Segundo o cronograma estabelecido pelas diretorias de Opera\u00e7\u00e3o e Manuten\u00e7\u00e3o da Appa, junto \u00e0 empresa fornecedora (Tecnologia em Movimenta\u00e7\u00e3o S\/A, TMSA, de Porto Alegre), o primeiro equipamento tem previs\u00e3o de estar montado ainda no final deste ano. O segundo, deve ficar pronto em fevereiro de 2015. Nesta data, o ber\u00e7o 213 passar\u00e1 a operar plenamente com dois novos shiploaders.<\/p>\n<p>Ainda segundo Divino, o equipamento do ber\u00e7o 212 tem previs\u00e3o de estar pronto em abril do pr\u00f3ximo ano. No ber\u00e7o 214, em junho. \u201cOu seja, at\u00e9 meados do ano que vem, este projeto estar\u00e1 conclu\u00eddo e o Corredor operando com mais pot\u00eancia\u201d, afirma o diretor-presidente.<\/p>\n<p>Fonte: Guia Mar\u00edtimo<\/p>\n","protected":false},"excerpt":{"rendered":"<p>Equipamentos devem aumentar em mais de 30% a produtividade na exporta\u00e7\u00e3o de soja, milho e farelo pelo complexo Dois dos quatro novos carregadores de navios&#8230;<\/p>\n","protected":false},"author":1182,"featured_media":0,"comment_status":"closed","ping_status":"closed","sticky":false,"template":"","format":"standard","meta":{"footnotes":""},"categories":[6],"tags":[],"class_list":["post-7525","post","type-post","status-publish","format-standard","hentry","category-noticias"],"_links":{"self":[{"href":"https:\/\/www.sincomam.org.br\/index.php\/wp-json\/wp\/v2\/posts\/7525","targetHints":{"allow":["GET"]}}],"collection":[{"href":"https:\/\/www.sincomam.org.br\/index.php\/wp-json\/wp\/v2\/posts"}],"about":[{"href":"https:\/\/www.sincomam.org.br\/index.php\/wp-json\/wp\/v2\/types\/post"}],"author":[{"embeddable":true,"href":"https:\/\/www.sincomam.org.br\/index.php\/wp-json\/wp\/v2\/users\/1182"}],"replies":[{"embeddable":true,"href":"https:\/\/www.sincomam.org.br\/index.php\/wp-json\/wp\/v2\/comments?post=7525"}],"version-history":[{"count":1,"href":"https:\/\/www.sincomam.org.br\/index.php\/wp-json\/wp\/v2\/posts\/7525\/revisions"}],"predecessor-version":[{"id":7526,"href":"https:\/\/www.sincomam.org.br\/index.php\/wp-json\/wp\/v2\/posts\/7525\/revisions\/7526"}],"wp:attachment":[{"href":"https:\/\/www.sincomam.org.br\/index.php\/wp-json\/wp\/v2\/media?parent=7525"}],"wp:term":[{"taxonomy":"category","embeddable":true,"href":"https:\/\/www.sincomam.org.br\/index.php\/wp-json\/wp\/v2\/categories?post=7525"},{"taxonomy":"post_tag","embeddable":true,"href":"https:\/\/www.sincomam.org.br\/index.php\/wp-json\/wp\/v2\/tags?post=7525"}],"curies":[{"name":"wp","href":"https:\/\/api.w.org\/{rel}","templated":true}]}}