{"id":7522,"date":"2014-09-02T08:46:56","date_gmt":"2014-09-02T11:46:56","guid":{"rendered":"http:\/\/www.sincomam.org.br\/?p=7522"},"modified":"2014-09-01T22:51:28","modified_gmt":"2014-09-02T01:51:28","slug":"obras-de-acesso-ao-porto-de-santos-devem-ficar-prontas-em-novembro","status":"publish","type":"post","link":"https:\/\/www.sincomam.org.br\/index.php\/obras-de-acesso-ao-porto-de-santos-devem-ficar-prontas-em-novembro\/","title":{"rendered":"Obras de acesso ao Porto de Santos devem ficar prontas em novembro"},"content":{"rendered":"<p>A nova pista que d\u00e1 acesso \u00e0 Margem Esquerda do Porto de Santos, no litoral de S\u00e3o Paulo, que fica no lado de Guaruj\u00e1, j\u00e1 est\u00e1 conclu\u00edda. Por\u00e9m, para que seja liberada para o tr\u00e1fego de ve\u00edculos, ser\u00e1 necess\u00e1ria a constru\u00e7\u00e3o de uma pista de desacelera\u00e7\u00e3o. A proposta j\u00e1 foi encaminhada para avalia\u00e7\u00e3o da Ag\u00eancia de Transportes de S\u00e3o Paulo (Artesp) e a expectativa \u00e9 que a via seja constru\u00edda at\u00e9 o fim de novembro. O valor da obra est\u00e1 or\u00e7ado em R$ 800 mil e ser\u00e1 custeado pelo Governo do Estado.<\/p>\n<p>Na tarde desta \u00faltima quinta-feira (28), a prefeita de Guaruj\u00e1, Maria Antonieta, juntamente com representantes de empresas portu\u00e1rias e da Associa\u00e7\u00e3o Comercial da cidade, vistoriaram a \u00e1rea do novo acesso ao Porto. A via possui tr\u00eas faixas que interligam a Rodovia C\u00f4nego Dom\u00eanico Rangoni \u00e0 Avenida Santos Dumont. Segundo especialistas, o trecho vai desafogar em at\u00e9 40% o tr\u00e1fego de ve\u00edculos e diminuir o fluxo de caminh\u00f5es ao longo da Rua Idalino Pin\u00eas, conhecida como Rua do Adubo, at\u00e9 ent\u00e3o o \u00fanico acesso ao cais da Margem Esquerda.<\/p>\n<p>Durante a vistoria, a prefeita de Guaruj\u00e1 sugeriu que a empresa Fassina fa\u00e7a um contrato de loca\u00e7\u00e3o \u00e0 Companhia Docas do Estado de S\u00e3o Paulo (Codesp) de uma \u00e1rea de aproximadamente 90 mil metros quadrados. O espa\u00e7o, que teria capacidade para abrigar 400 caminh\u00f5es, fica ao lado do novo acesso.<\/p>\n<p>Fonte: Do G1 Santos<\/p>\n","protected":false},"excerpt":{"rendered":"<p>A nova pista que d\u00e1 acesso \u00e0 Margem Esquerda do Porto de Santos, no litoral de S\u00e3o Paulo, que fica no lado de Guaruj\u00e1, j\u00e1&#8230;<\/p>\n","protected":false},"author":1182,"featured_media":5432,"comment_status":"closed","ping_status":"closed","sticky":false,"template":"","format":"standard","meta":{"footnotes":""},"categories":[6],"tags":[],"class_list":["post-7522","post","type-post","status-publish","format-standard","has-post-thumbnail","hentry","category-noticias"],"_links":{"self":[{"href":"https:\/\/www.sincomam.org.br\/index.php\/wp-json\/wp\/v2\/posts\/7522","targetHints":{"allow":["GET"]}}],"collection":[{"href":"https:\/\/www.sincomam.org.br\/index.php\/wp-json\/wp\/v2\/posts"}],"about":[{"href":"https:\/\/www.sincomam.org.br\/index.php\/wp-json\/wp\/v2\/types\/post"}],"author":[{"embeddable":true,"href":"https:\/\/www.sincomam.org.br\/index.php\/wp-json\/wp\/v2\/users\/1182"}],"replies":[{"embeddable":true,"href":"https:\/\/www.sincomam.org.br\/index.php\/wp-json\/wp\/v2\/comments?post=7522"}],"version-history":[{"count":1,"href":"https:\/\/www.sincomam.org.br\/index.php\/wp-json\/wp\/v2\/posts\/7522\/revisions"}],"predecessor-version":[{"id":7523,"href":"https:\/\/www.sincomam.org.br\/index.php\/wp-json\/wp\/v2\/posts\/7522\/revisions\/7523"}],"wp:featuredmedia":[{"embeddable":true,"href":"https:\/\/www.sincomam.org.br\/index.php\/wp-json\/wp\/v2\/media\/5432"}],"wp:attachment":[{"href":"https:\/\/www.sincomam.org.br\/index.php\/wp-json\/wp\/v2\/media?parent=7522"}],"wp:term":[{"taxonomy":"category","embeddable":true,"href":"https:\/\/www.sincomam.org.br\/index.php\/wp-json\/wp\/v2\/categories?post=7522"},{"taxonomy":"post_tag","embeddable":true,"href":"https:\/\/www.sincomam.org.br\/index.php\/wp-json\/wp\/v2\/tags?post=7522"}],"curies":[{"name":"wp","href":"https:\/\/api.w.org\/{rel}","templated":true}]}}