{"id":7518,"date":"2014-09-02T08:32:54","date_gmt":"2014-09-02T11:32:54","guid":{"rendered":"http:\/\/www.sincomam.org.br\/?p=7518"},"modified":"2014-09-01T22:43:10","modified_gmt":"2014-09-02T01:43:10","slug":"sem-acordo-petrobras-e-braskem-prorrogam-contrato-por-seis-meses","status":"publish","type":"post","link":"https:\/\/www.sincomam.org.br\/index.php\/sem-acordo-petrobras-e-braskem-prorrogam-contrato-por-seis-meses\/","title":{"rendered":"Sem acordo, Petrobras e Braskem prorrogam contrato por seis meses"},"content":{"rendered":"<p>Petrobras e Braskem n\u00e3o conseguiram chegar a um acordo sobre o reajuste do pre\u00e7o da nafta e prorrogaram as condi\u00e7\u00f5es do contrato atual por seis meses. Dessa maneira, a disputa que op\u00f5e as duas gigantes s\u00f3 ser\u00e1 resolvida ap\u00f3s as elei\u00e7\u00f5es presidenciais.<\/p>\n<p>A petroleira estava pleiteando um reajuste de 5% a 10% no pre\u00e7o da nafta, com o objetivo de repassar os custos da importa\u00e7\u00e3o do combust\u00edvel, que \u00e9 o principal insumo da cadeia petroqu\u00edmica.<\/p>\n<p>A Petrobras elevou o porcentual de nafta importada e passou a destinar uma fatia maior de sua produ\u00e7\u00e3o para a gasolina. A estatal tenta minimizar as perdas, j\u00e1 que o governo n\u00e3o tem permitido reajustes da gasolina.<\/p>\n<p>A prorroga\u00e7\u00e3o do contrato foi a \u00fanica maneira encontrada de evitar o fechamento de duas centrais petroqu\u00edmicas: Mau\u00e1 (SP) e metade da produ\u00e7\u00e3o de Cama\u00e7ari (BA), que passariam a operar com preju\u00edzo se fosse aplicado o reajuste pedido pela Petrobras.<\/p>\n<p>A interrup\u00e7\u00e3o do funcionamento dessas unidades significaria uma queda de 35% na produ\u00e7\u00e3o da Braskem, impactando diversos setores que utilizam produtos petroqu\u00edmicos como insumo.<\/p>\n<p>As duas empresas assinaram ontem de manh\u00e3 um aditivo ao contrato atual. Era o \u00faltimo dia \u00fatil antes do fim do contrato, que expirava no domingo. Agora vale at\u00e9 fevereiro de 2015.<\/p>\n<p>N\u00e3o \u00e9 a primeira vez que as gigantes recorrem a um aditivo por n\u00e3o conseguirem superar o impasse. Em fevereiro deste ano, j\u00e1 haviam prorrogado o contrato por seis meses.<\/p>\n<p>Dessa vez, no entanto, h\u00e1 uma cl\u00e1usula de retroatividade. Se chegarem a um acordo sobre um reajuste no futuro, o porcentual ser\u00e1 aplicado retroativamente desde setembro deste ano.<\/p>\n<p>Na pr\u00e1tica, pode significar mais um represamento de reajustes de pre\u00e7o no pa\u00eds, que j\u00e1 est\u00e1 deixando para depois das elei\u00e7\u00f5es a corre\u00e7\u00e3o dos pre\u00e7os da energia el\u00e9trica e da pr\u00f3pria gasolina.<\/p>\n<p>&#8220;Esse aditivo evitou a paralisa\u00e7\u00e3o iminente da produ\u00e7\u00e3o de centrais petroqu\u00edmicas, o que trataria graves consequ\u00eancias. A Braskem segue empenhada na identifica\u00e7\u00e3o de uma solu\u00e7\u00e3o estrutural que permita a assinatura de um contrato de longo prazo com a Petrobras que assegure a competitividade&#8221;, informou a companhia petroqu\u00edmica por meio de nota.<\/p>\n<p>Fonte: Folha de S\u00e3o Paulo\/Raquel Landim de S\u00e3o Paulo<\/p>\n","protected":false},"excerpt":{"rendered":"<p>Petrobras e Braskem n\u00e3o conseguiram chegar a um acordo sobre o reajuste do pre\u00e7o da nafta e prorrogaram as condi\u00e7\u00f5es do contrato atual por seis&#8230;<\/p>\n","protected":false},"author":1182,"featured_media":6839,"comment_status":"closed","ping_status":"closed","sticky":false,"template":"","format":"standard","meta":{"footnotes":""},"categories":[6],"tags":[],"class_list":["post-7518","post","type-post","status-publish","format-standard","has-post-thumbnail","hentry","category-noticias"],"_links":{"self":[{"href":"https:\/\/www.sincomam.org.br\/index.php\/wp-json\/wp\/v2\/posts\/7518","targetHints":{"allow":["GET"]}}],"collection":[{"href":"https:\/\/www.sincomam.org.br\/index.php\/wp-json\/wp\/v2\/posts"}],"about":[{"href":"https:\/\/www.sincomam.org.br\/index.php\/wp-json\/wp\/v2\/types\/post"}],"author":[{"embeddable":true,"href":"https:\/\/www.sincomam.org.br\/index.php\/wp-json\/wp\/v2\/users\/1182"}],"replies":[{"embeddable":true,"href":"https:\/\/www.sincomam.org.br\/index.php\/wp-json\/wp\/v2\/comments?post=7518"}],"version-history":[{"count":1,"href":"https:\/\/www.sincomam.org.br\/index.php\/wp-json\/wp\/v2\/posts\/7518\/revisions"}],"predecessor-version":[{"id":7519,"href":"https:\/\/www.sincomam.org.br\/index.php\/wp-json\/wp\/v2\/posts\/7518\/revisions\/7519"}],"wp:featuredmedia":[{"embeddable":true,"href":"https:\/\/www.sincomam.org.br\/index.php\/wp-json\/wp\/v2\/media\/6839"}],"wp:attachment":[{"href":"https:\/\/www.sincomam.org.br\/index.php\/wp-json\/wp\/v2\/media?parent=7518"}],"wp:term":[{"taxonomy":"category","embeddable":true,"href":"https:\/\/www.sincomam.org.br\/index.php\/wp-json\/wp\/v2\/categories?post=7518"},{"taxonomy":"post_tag","embeddable":true,"href":"https:\/\/www.sincomam.org.br\/index.php\/wp-json\/wp\/v2\/tags?post=7518"}],"curies":[{"name":"wp","href":"https:\/\/api.w.org\/{rel}","templated":true}]}}