{"id":7509,"date":"2014-09-01T08:36:30","date_gmt":"2014-09-01T11:36:30","guid":{"rendered":"http:\/\/www.sincomam.org.br\/?p=7509"},"modified":"2014-09-01T00:54:43","modified_gmt":"2014-09-01T03:54:43","slug":"dilma-destaca-geracao-de-empregos-nas-industrias-naval-e-automobilistica","status":"publish","type":"post","link":"https:\/\/www.sincomam.org.br\/index.php\/dilma-destaca-geracao-de-empregos-nas-industrias-naval-e-automobilistica\/","title":{"rendered":"Dilma destaca gera\u00e7\u00e3o de empregos nas ind\u00fastrias naval e automobil\u00edstica"},"content":{"rendered":"<p>A candidata do PT \u00e0 Presid\u00eancia da Rep\u00fablica, Dilma Rousseff, destacou em entrevista, a import\u00e2ncia da gera\u00e7\u00e3o de empregos nas ind\u00fastrias naval e automobil\u00edstica. Ela passou o dia no Pal\u00e1cio da Alvorada e concedeu entrevista no fim da tarde.<\/p>\n<p>\u201cA ind\u00fastria naval foi, nos anos 80, a segunda maior do mundo, nos anos 90 estava reduzida a p\u00f3 e agora est\u00e1 entre a quarta e a quinta do mundo. Com isso, criamos empregos de qualidade, com sal\u00e1rios de qualidade, e passamos de uma situa\u00e7\u00e3o de 2.500 empregos, no in\u00edcio dos anos 2000, para 81 mil empregos agora em julho e 100 mil no ano que vem\u201d, acrescentou.<\/p>\n<p>Segundo a candidata \u00e0 reelei\u00e7\u00e3o, a pol\u00edtica nacional nos dois setores tem como base manter pre\u00e7os, prazos e a qualidade do que \u00e9 produzido no Brasil.<\/p>\n<p>Para Dilma, a ind\u00fastria automobil\u00edstica n\u00e3o deve somente fabricar os carros no pa\u00eds. &#8220;Eles podem ser produzidos aqui mas, sobretudo, receber no Brasil as inova\u00e7\u00f5es que s\u00e3o fundamentais ao setor, criar aqui laborat\u00f3rios de pesquisa. E, para isso, fizemos uma pol\u00edtica que atraiu 12 ind\u00fastrias automobil\u00edsticas\u201d, informou.<\/p>\n<p>\u201cTanto em um caso quanto no outro, o que vimos \u00e9 a possibilidade de mudar essa realidade, em vez de criar empregos l\u00e1 fora, porque se importava de forma excessiva ou n\u00e3o se trazia para o Brasil as condi\u00e7\u00f5es de inova\u00e7\u00e3o\u201d, observou.<\/p>\n<p>Fonte: Ag\u00eancia Brasil<\/p>\n","protected":false},"excerpt":{"rendered":"<p>A candidata do PT \u00e0 Presid\u00eancia da Rep\u00fablica, Dilma Rousseff, destacou em entrevista, a import\u00e2ncia da gera\u00e7\u00e3o de empregos nas ind\u00fastrias naval e automobil\u00edstica. Ela&#8230;<\/p>\n","protected":false},"author":1182,"featured_media":5747,"comment_status":"closed","ping_status":"closed","sticky":false,"template":"","format":"standard","meta":{"footnotes":""},"categories":[6],"tags":[],"class_list":["post-7509","post","type-post","status-publish","format-standard","has-post-thumbnail","hentry","category-noticias"],"_links":{"self":[{"href":"https:\/\/www.sincomam.org.br\/index.php\/wp-json\/wp\/v2\/posts\/7509","targetHints":{"allow":["GET"]}}],"collection":[{"href":"https:\/\/www.sincomam.org.br\/index.php\/wp-json\/wp\/v2\/posts"}],"about":[{"href":"https:\/\/www.sincomam.org.br\/index.php\/wp-json\/wp\/v2\/types\/post"}],"author":[{"embeddable":true,"href":"https:\/\/www.sincomam.org.br\/index.php\/wp-json\/wp\/v2\/users\/1182"}],"replies":[{"embeddable":true,"href":"https:\/\/www.sincomam.org.br\/index.php\/wp-json\/wp\/v2\/comments?post=7509"}],"version-history":[{"count":1,"href":"https:\/\/www.sincomam.org.br\/index.php\/wp-json\/wp\/v2\/posts\/7509\/revisions"}],"predecessor-version":[{"id":7510,"href":"https:\/\/www.sincomam.org.br\/index.php\/wp-json\/wp\/v2\/posts\/7509\/revisions\/7510"}],"wp:featuredmedia":[{"embeddable":true,"href":"https:\/\/www.sincomam.org.br\/index.php\/wp-json\/wp\/v2\/media\/5747"}],"wp:attachment":[{"href":"https:\/\/www.sincomam.org.br\/index.php\/wp-json\/wp\/v2\/media?parent=7509"}],"wp:term":[{"taxonomy":"category","embeddable":true,"href":"https:\/\/www.sincomam.org.br\/index.php\/wp-json\/wp\/v2\/categories?post=7509"},{"taxonomy":"post_tag","embeddable":true,"href":"https:\/\/www.sincomam.org.br\/index.php\/wp-json\/wp\/v2\/tags?post=7509"}],"curies":[{"name":"wp","href":"https:\/\/api.w.org\/{rel}","templated":true}]}}