{"id":7494,"date":"2014-09-01T08:15:19","date_gmt":"2014-09-01T11:15:19","guid":{"rendered":"http:\/\/www.sincomam.org.br\/?p=7494"},"modified":"2014-08-31T23:42:36","modified_gmt":"2014-09-01T02:42:36","slug":"governo-preve-queda-de-r-11-bilhao-nos-investimentos-da-petrobras-em-2015","status":"publish","type":"post","link":"https:\/\/www.sincomam.org.br\/index.php\/governo-preve-queda-de-r-11-bilhao-nos-investimentos-da-petrobras-em-2015\/","title":{"rendered":"Governo prev\u00ea queda de R$ 1,1 bilh\u00e3o nos investimentos da Petrobras em 2015"},"content":{"rendered":"<p>O Projeto de Lei Or\u00e7ament\u00e1ria para o pr\u00f3ximo ano, entregue ontem, quinta-feira, ao Congresso, prev\u00ea redu\u00e7\u00e3o de R$ 1,1 bilh\u00e3o nos investimentos da Petrobras: de R$ 84,5 bilh\u00f5es na proposta or\u00e7ament\u00e1ria enviada ao Congresso em 2014, para R$ 83,4 bilh\u00f5es.<\/p>\n<p>Segundo a ministra do Planejamento, Miriam Belchior, a redu\u00e7\u00e3o se deve \u00e0 conclus\u00e3o de v\u00e1rios projetos e n\u00e3o uma queda real nos investimentos da estatal. &#8220;\u00c9 uma pequena redu\u00e7\u00e3o. Mas houve os investimentos para a quest\u00e3o do pr\u00e9-sal e v\u00e1rios investimentos est\u00e3o sendo conclu\u00eddos&#8221;, disse Miriam.<\/p>\n<p>Ela citou o caso da Refina Abreu e Lima, em Pernambuco, que ter\u00e1 gastos ainda em 2014 de R$ 3,6 bilh\u00f5es e em 2015 n\u00e3o haveria os mesmos gastos. Miriam ainda minimizou a queda de verbas no Minist\u00e9rio da Integra\u00e7\u00e3o Nacional, de quase R$ 2,5 bilh\u00f5es.<\/p>\n<p>No total, o Minist\u00e9rio da Justi\u00e7a perdeu R$ 161,1 milh\u00f5es, mas a ministra explicou que isso se deve ao fim do chamado efeito Copa &#8220;Na pr\u00e1tica, aumentamos os recursos da Justi\u00e7a, com mais R$ 174,3 milh\u00f5es para centros de Seguran\u00e7a&#8221;, disse Miriam.<\/p>\n<p>A verba global caiu porque as a\u00e7\u00f5es da Copa terminaram. Mas retirando as a\u00e7\u00f5es da Copa, as demais a\u00e7\u00f5es tiveram aumento de verbas.<\/p>\n<p>&#8220;Quando tiro o efeito Copa, era R$ 3,954 bilh\u00f5es e estamos propondo R$ 4,22 bilh\u00f5es. Para produzir mesma experi\u00eancia da Copa. Mesmos moldes. O que parece uma redu\u00e7\u00e3o significa um aumento, quando retiro o efeito Copa&#8221;, disse.<\/p>\n<p>Fonte: Jornal do Commercio (POA)<\/p>\n","protected":false},"excerpt":{"rendered":"<p>O Projeto de Lei Or\u00e7ament\u00e1ria para o pr\u00f3ximo ano, entregue ontem, quinta-feira, ao Congresso, prev\u00ea redu\u00e7\u00e3o de R$ 1,1 bilh\u00e3o nos investimentos da Petrobras: de&#8230;<\/p>\n","protected":false},"author":1182,"featured_media":3847,"comment_status":"closed","ping_status":"closed","sticky":false,"template":"","format":"standard","meta":{"footnotes":""},"categories":[6],"tags":[192,66,58,1051],"class_list":["post-7494","post","type-post","status-publish","format-standard","has-post-thumbnail","hentry","category-noticias","tag-governo","tag-investimentos","tag-petrobras","tag-queda"],"_links":{"self":[{"href":"https:\/\/www.sincomam.org.br\/index.php\/wp-json\/wp\/v2\/posts\/7494","targetHints":{"allow":["GET"]}}],"collection":[{"href":"https:\/\/www.sincomam.org.br\/index.php\/wp-json\/wp\/v2\/posts"}],"about":[{"href":"https:\/\/www.sincomam.org.br\/index.php\/wp-json\/wp\/v2\/types\/post"}],"author":[{"embeddable":true,"href":"https:\/\/www.sincomam.org.br\/index.php\/wp-json\/wp\/v2\/users\/1182"}],"replies":[{"embeddable":true,"href":"https:\/\/www.sincomam.org.br\/index.php\/wp-json\/wp\/v2\/comments?post=7494"}],"version-history":[{"count":1,"href":"https:\/\/www.sincomam.org.br\/index.php\/wp-json\/wp\/v2\/posts\/7494\/revisions"}],"predecessor-version":[{"id":7495,"href":"https:\/\/www.sincomam.org.br\/index.php\/wp-json\/wp\/v2\/posts\/7494\/revisions\/7495"}],"wp:featuredmedia":[{"embeddable":true,"href":"https:\/\/www.sincomam.org.br\/index.php\/wp-json\/wp\/v2\/media\/3847"}],"wp:attachment":[{"href":"https:\/\/www.sincomam.org.br\/index.php\/wp-json\/wp\/v2\/media?parent=7494"}],"wp:term":[{"taxonomy":"category","embeddable":true,"href":"https:\/\/www.sincomam.org.br\/index.php\/wp-json\/wp\/v2\/categories?post=7494"},{"taxonomy":"post_tag","embeddable":true,"href":"https:\/\/www.sincomam.org.br\/index.php\/wp-json\/wp\/v2\/tags?post=7494"}],"curies":[{"name":"wp","href":"https:\/\/api.w.org\/{rel}","templated":true}]}}