{"id":7477,"date":"2014-08-29T08:22:56","date_gmt":"2014-08-29T11:22:56","guid":{"rendered":"http:\/\/www.sincomam.org.br\/?p=7477"},"modified":"2014-08-28T23:24:14","modified_gmt":"2014-08-29T02:24:14","slug":"salario-minimo-previsto-no-orcamento-de-2015-e-de-r-78806","status":"publish","type":"post","link":"https:\/\/www.sincomam.org.br\/index.php\/salario-minimo-previsto-no-orcamento-de-2015-e-de-r-78806\/","title":{"rendered":"Sal\u00e1rio m\u00ednimo previsto no Or\u00e7amento de 2015 \u00e9 de R$ 788,06"},"content":{"rendered":"<p>O sal\u00e1rio m\u00ednimo previsto para 2015 \u00e9 de R$ 788,06, um aumento de 8,8% sobre o valor atual, de R$ 724 mensais, conforme o\u00a0projeto de Lei Or\u00e7ament\u00e1ria Anual (LOA) de 2015. &#8220;Est\u00e1 dentro da regra de valoriza\u00e7\u00e3o do sal\u00e1rio m\u00ednimo&#8221;, afirmou a ministra do Planejamento, Miriam Belchior, que esteve no Congresso Nacional nesta quinta-feira para entregar o texto ao presidente do Senado, Renan Calheiros (PMDB-AL).<\/p>\n<p>Pela Constitui\u00e7\u00e3o, a LOA deve ser entregue pelo Executivo at\u00e9 o dia 31 de agosto de cada ano e compreende o or\u00e7amento fiscal referente aos Poderes da Uni\u00e3o, seus fundos, \u00f3rg\u00e3os e entidades da administra\u00e7\u00e3o direta e indireta, inclusive funda\u00e7\u00f5es institu\u00eddas e mantidas pelo poder p\u00fablico; o or\u00e7amento de investimento das empresas em que a Uni\u00e3o, direta ou indiretamente, detenha a maioria do capital social com direito a voto; e o or\u00e7amento da seguridade social, abrangen do todas as entidades e \u00f3rg\u00e3os a ela vinculados, da administra\u00e7\u00e3o direta ou indireta, bem como os fundos e funda\u00e7\u00f5es institu\u00eddos e mantidos pelo poder p\u00fablico.<\/p>\n<p>A expectativa \u00e9 que o projeto da LOA seja aprovado at\u00e9 o fim do ano. &#8220;Coloquei toda a equipe do Minist\u00e9rio do Planejamento \u00e0 disposi\u00e7\u00e3o do Congresso, para todos os esclarecimentos, para que possa se fazer uma an\u00e1lise r\u00e1pida e votar o or\u00e7amento at\u00e9 o fim do ano. O presidente do Senado confirmou que esse \u00e9 um prazo poss\u00edvel&#8221;, sustentou a ministra.<\/p>\n<p>Miriam Belchior sublinhou ainda que o or\u00e7amento prioriza as \u00e1reas de sa\u00fade, educa\u00e7\u00e3o, combate \u00e0 pobreza e infraestrutura. Ap\u00f3s a r\u00e1pida reuni\u00e3o com Renan Calheiros, Belchior seguiu para o Minist\u00e9rio do Planejamento, onde conceder\u00e1 entrevista coletiva com mais detalhes sobre a proposta.<\/p>\n<p>Como no ano passado, o projeto chega antes da aprova\u00e7\u00e3o final, pelo Congresso, da Lei de Diretrizes Or\u00e7ament\u00e1rias (LDO) de 2015.<\/p>\n<p>Fonte: Valor Econ\u00f4mico<\/p>\n","protected":false},"excerpt":{"rendered":"<p>O sal\u00e1rio m\u00ednimo previsto para 2015 \u00e9 de R$ 788,06, um aumento de 8,8% sobre o valor atual, de R$ 724 mensais, conforme o\u00a0projeto de&#8230;<\/p>\n","protected":false},"author":1182,"featured_media":3450,"comment_status":"closed","ping_status":"closed","sticky":false,"template":"","format":"standard","meta":{"footnotes":""},"categories":[6],"tags":[],"class_list":["post-7477","post","type-post","status-publish","format-standard","has-post-thumbnail","hentry","category-noticias"],"_links":{"self":[{"href":"https:\/\/www.sincomam.org.br\/index.php\/wp-json\/wp\/v2\/posts\/7477","targetHints":{"allow":["GET"]}}],"collection":[{"href":"https:\/\/www.sincomam.org.br\/index.php\/wp-json\/wp\/v2\/posts"}],"about":[{"href":"https:\/\/www.sincomam.org.br\/index.php\/wp-json\/wp\/v2\/types\/post"}],"author":[{"embeddable":true,"href":"https:\/\/www.sincomam.org.br\/index.php\/wp-json\/wp\/v2\/users\/1182"}],"replies":[{"embeddable":true,"href":"https:\/\/www.sincomam.org.br\/index.php\/wp-json\/wp\/v2\/comments?post=7477"}],"version-history":[{"count":1,"href":"https:\/\/www.sincomam.org.br\/index.php\/wp-json\/wp\/v2\/posts\/7477\/revisions"}],"predecessor-version":[{"id":7478,"href":"https:\/\/www.sincomam.org.br\/index.php\/wp-json\/wp\/v2\/posts\/7477\/revisions\/7478"}],"wp:featuredmedia":[{"embeddable":true,"href":"https:\/\/www.sincomam.org.br\/index.php\/wp-json\/wp\/v2\/media\/3450"}],"wp:attachment":[{"href":"https:\/\/www.sincomam.org.br\/index.php\/wp-json\/wp\/v2\/media?parent=7477"}],"wp:term":[{"taxonomy":"category","embeddable":true,"href":"https:\/\/www.sincomam.org.br\/index.php\/wp-json\/wp\/v2\/categories?post=7477"},{"taxonomy":"post_tag","embeddable":true,"href":"https:\/\/www.sincomam.org.br\/index.php\/wp-json\/wp\/v2\/tags?post=7477"}],"curies":[{"name":"wp","href":"https:\/\/api.w.org\/{rel}","templated":true}]}}