{"id":7460,"date":"2014-08-28T08:29:08","date_gmt":"2014-08-28T11:29:08","guid":{"rendered":"http:\/\/www.sincomam.org.br\/?p=7460"},"modified":"2014-08-27T21:31:12","modified_gmt":"2014-08-28T00:31:12","slug":"navios-das-marinhas-da-argentina-uruguai-africa-do-sul-e-brasil-atracam-em-itajai-2","status":"publish","type":"post","link":"https:\/\/www.sincomam.org.br\/index.php\/navios-das-marinhas-da-argentina-uruguai-africa-do-sul-e-brasil-atracam-em-itajai-2\/","title":{"rendered":"Navios das marinhas da Argentina, Uruguai, \u00c1frica do Sul e Brasil atracam em Itaja\u00ed"},"content":{"rendered":"<p>O Estaleiro de Constru\u00e7\u00e3o dos submarinos representa a segunda etapa do cronograma de constru\u00e7\u00e3o das instala\u00e7\u00f5es do Prosub no Munic\u00edpio de Itagua\u00ed-RJ. O complexo \u00e9 composto por v\u00e1rias edifica\u00e7\u00f5es e tem como pr\u00e9dio principal, a Oficina de Fabrica\u00e7\u00e3o de Submarinos, chamada Main Hall, localizada na \u00c1rea Sul do empreendimento.<\/p>\n<p>Logo ap\u00f3s o t\u00e9rmino e entrega das instala\u00e7\u00f5es da Unidade de Fabrica\u00e7\u00e3o de Estruturas Met\u00e1licas (UFEM), a primeira unidade prevista no Prosub-EBN, a Odebrecht iniciou a obra do Estaleiro de Constru\u00e7\u00e3o.<\/p>\n<p>Nesta etapa, a experi\u00eancia obtida anteriormente na UFEM possibilitou \u00e0 Odebrecht melhorias na sinergia com a DCNS, a respons\u00e1vel pelo fornecimento de informa\u00e7\u00f5es t\u00e9cnicas para o projeto, conforme contrato firmado entre a DCNS e a Marinha, e, consequentemente, a amplia\u00e7\u00e3o de servir melhor ao cliente.<\/p>\n<p>Paralelamente, os estudos do complexo radiol\u00f3gico do Prosub t\u00eam sido conduzidos pela pr\u00f3pria Marinha, cuja obra ser\u00e1 iniciada pela Odebrecht ap\u00f3s a obten\u00e7\u00e3o do licenciamento junto \u00e0 Comiss\u00e3o Nacional de Energia Nuclear (CNEN). Atualmente, j\u00e1 foram entregues o Relat\u00f3rio Preliminar de An\u00e1lise de Seguran\u00e7a (RPAS) e, com o objetivo de intensificar o suporte para o desenvolvimento do projeto do complexo, a Odebrecht mobilizou uma nova equipe de profissionais com larga experi\u00eancia neste campo, composta por engenheiros nucleares.<\/p>\n<p>Na fase de constru\u00e7\u00e3o do complexo radiol\u00f3gico, alguns pontos espec\u00edficos relacionados especialmente \u00e0 seguran\u00e7a nuclear do empreendimento ser\u00e3o incorporados \u00e0 obra do estaleiro, entre estes, um controle de qualidade mais rigoroso, com procedimentos de rastreabilidade de todos os itens e componentes da obra.<\/p>\n<p>A obra do Estaleiro de Constru\u00e7\u00e3o dos Submarinos do Prosub representa para a Odebrecht, um importante diferencial para o seu portf\u00f3lio, pois o conhecimento adquirido por seus profissionais j\u00e1 est\u00e1 sendo aplicado a outros projetos da empresa. No Estaleiro Enseada de Paragua\u00e7u, em Maragogipe, estado da Bahia, por exemplo, a Odebrecht utilizou muito do aprendizado no Prosub-EBN, ao deslocar uma parte da equipe que trabalhou na obra de Itagua\u00ed para atuar no projeto de Paragua\u00e7u. Estas pessoas, profissionais maduros e experientes, alcan\u00e7aram um est\u00e1gio mais avan\u00e7ado de conhecimento e, paralelamente, qualificaram os seus substitutos para o Prosub-EBN, ou seja, jovens talentos formados por meio de um processo de renova\u00e7\u00e3o e crescimento dentro da pr\u00f3pria organiza\u00e7\u00e3o.<\/p>\n<p>No Prosub-EBN, v\u00e1rios profissionais formados internamente pelo programa \u2018Jovens Parceiros\u2019 da Odebrecht tiveram oportunidade de ampliar as suas experi\u00eancias e conhecimento e, hoje, atuam em diversos setores do empreendimento.\u201cA contribui\u00e7\u00e3o deste programa \u00e9 de grande import\u00e2ncia n\u00e3o s\u00f3 para o jovem, mas para toda a estrutura gerencial e executiva da empresa. O objetivo deste e de todos os demais programas de forma\u00e7\u00e3o e qualifica\u00e7\u00e3o \u00e9 elevar o n\u00edvel de conhecimento e de capacita\u00e7\u00e3o das pessoas por meio do treinamento pelo trabalho. E os resultados t\u00eam sido surpreendentes em todas as esferas, inclusive de pessoas locais que foram ascendendo na escala da qualifica\u00e7\u00e3o e hoje ocupam cargos de chefia na m\u00e9dia lideran\u00e7a no Prosub-EBN e em outros contratos da empresa\u201d, exp\u00f5e Fabio Gandolfo, Diretor Superintendente da Odebrecht.<\/p>\n<p>Aspectos como educa\u00e7\u00e3o, forma\u00e7\u00e3o e qualifica\u00e7\u00e3o est\u00e3o diretamente relacionados \u00e0 maior conscientiza\u00e7\u00e3o das pessoas para outras quest\u00f5es igualmente importantes e associadas entre si \u2013 a organiza\u00e7\u00e3o do trabalho, a seguran\u00e7a do trabalho e apostura ambiental. Nesse campo, as equipes de Meio Ambiente e de Seguran\u00e7a do Trabalho da Odebrecht desenvolvem, junto aos colaboradores da obra, um permanente trabalho de informa\u00e7\u00e3o e esclarecimento o qual busca demonstrar o papel e a import\u00e2ncia de cada um no processo de desenvolvimento coletivo e pessoal.<\/p>\n<p>Indiscutivelmente, os investimentos em seguran\u00e7a do trabalho, em educa\u00e7\u00e3o ambiental, em qualidade ou capacita\u00e7\u00e3o profissional espec\u00edfica, geram resultados positivos para todos e, especialmente no Prosub-EBN, a Odebrecht busca apoiar as iniciativas locais que visam \u00e0 melhoria profissional de pessoas no entorno do empreendimento.<\/p>\n<p>Fonte: Technonews<\/p>\n","protected":false},"excerpt":{"rendered":"<p>O Estaleiro de Constru\u00e7\u00e3o dos submarinos representa a segunda etapa do cronograma de constru\u00e7\u00e3o das instala\u00e7\u00f5es do Prosub no Munic\u00edpio de Itagua\u00ed-RJ. O complexo \u00e9&#8230;<\/p>\n","protected":false},"author":1182,"featured_media":7461,"comment_status":"closed","ping_status":"closed","sticky":false,"template":"","format":"standard","meta":{"footnotes":""},"categories":[6],"tags":[],"class_list":["post-7460","post","type-post","status-publish","format-standard","has-post-thumbnail","hentry","category-noticias"],"_links":{"self":[{"href":"https:\/\/www.sincomam.org.br\/index.php\/wp-json\/wp\/v2\/posts\/7460","targetHints":{"allow":["GET"]}}],"collection":[{"href":"https:\/\/www.sincomam.org.br\/index.php\/wp-json\/wp\/v2\/posts"}],"about":[{"href":"https:\/\/www.sincomam.org.br\/index.php\/wp-json\/wp\/v2\/types\/post"}],"author":[{"embeddable":true,"href":"https:\/\/www.sincomam.org.br\/index.php\/wp-json\/wp\/v2\/users\/1182"}],"replies":[{"embeddable":true,"href":"https:\/\/www.sincomam.org.br\/index.php\/wp-json\/wp\/v2\/comments?post=7460"}],"version-history":[{"count":1,"href":"https:\/\/www.sincomam.org.br\/index.php\/wp-json\/wp\/v2\/posts\/7460\/revisions"}],"predecessor-version":[{"id":7462,"href":"https:\/\/www.sincomam.org.br\/index.php\/wp-json\/wp\/v2\/posts\/7460\/revisions\/7462"}],"wp:featuredmedia":[{"embeddable":true,"href":"https:\/\/www.sincomam.org.br\/index.php\/wp-json\/wp\/v2\/media\/7461"}],"wp:attachment":[{"href":"https:\/\/www.sincomam.org.br\/index.php\/wp-json\/wp\/v2\/media?parent=7460"}],"wp:term":[{"taxonomy":"category","embeddable":true,"href":"https:\/\/www.sincomam.org.br\/index.php\/wp-json\/wp\/v2\/categories?post=7460"},{"taxonomy":"post_tag","embeddable":true,"href":"https:\/\/www.sincomam.org.br\/index.php\/wp-json\/wp\/v2\/tags?post=7460"}],"curies":[{"name":"wp","href":"https:\/\/api.w.org\/{rel}","templated":true}]}}