{"id":7443,"date":"2014-08-27T08:06:57","date_gmt":"2014-08-27T11:06:57","guid":{"rendered":"http:\/\/www.sincomam.org.br\/?p=7443"},"modified":"2014-08-27T00:18:29","modified_gmt":"2014-08-27T03:18:29","slug":"bloqueio-dos-bens-de-graca-foster-deve-ser-julgado-hoje-pelo-tcu","status":"publish","type":"post","link":"https:\/\/www.sincomam.org.br\/index.php\/bloqueio-dos-bens-de-graca-foster-deve-ser-julgado-hoje-pelo-tcu\/","title":{"rendered":"Bloqueio dos bens de Gra\u00e7a Foster deve ser julgado hoje pelo TCU"},"content":{"rendered":"<p>O presidente do Tribunal de Contas da Uni\u00e3o (TCU), Jo\u00e3o Augusto Nardes, confirmou para hoje (27) a an\u00e1lise sobre a possibilidade de bloqueio dos bens da presidenta da Petrobras, Gra\u00e7a Foster, no processo que apura irregularidades na compra da Refinaria de Pasadena, no Texas, Estados Unidos. &#8220;Falei hoje com o relator [ministro Jos\u00e9 Jorge] e ele deve manter o processo [na pauta]&#8221;, disse Nardes \u00e0 Ag\u00eancia Brasil ap\u00f3s reuni\u00e3o no Minist\u00e9rio do Trabalho. Na semana passada, o tribunal adiou a an\u00e1lise sobre o bloqueio dos bens da presidenta da Petrobras.<\/p>\n<p>O ministro Jos\u00e9 Jorge, relator do caso, manteve o voto apresentado no in\u00edcio do m\u00eas, pela indisponibilidade, mas retirou o processo da pauta na reuni\u00e3o da \u00faltima quarta-feira (20) ap\u00f3s a not\u00edcia publicada pelo jornal O Globo. A reportagem informa que a presidenta e o ex-diretor da \u00c1rea Internacional da empresa Nestor Cerver\u00f3 doaram im\u00f3veis aos parentes ap\u00f3s o esc\u00e2ndalo sobre a compra da refinaria texana.<\/p>\n<p>O presidente do TCU lembrou que o julgamento refente \u00e0 responsabiliza\u00e7\u00e3o de Gra\u00e7a Foster na aquisi\u00e7\u00e3o da refinaria \u00e9 sobre US$ 90 milh\u00f5es dos US$ 792,3 milh\u00f5es que o tribunal definiu como preju\u00edzos ao patrim\u00f4nio da Petrobras.<\/p>\n<p>&#8220;A quest\u00e3o que envolve Gra\u00e7a Foster n\u00e3o \u00e9 de todo o processo. \u00c9 de apenas US$ 90 milh\u00f5es. Os US$ 700 milh\u00f5es j\u00e1 est\u00e3o definidos em rela\u00e7\u00e3o aos demais diretores da Petrobras&#8221;, disse Nardes.<\/p>\n<p>Sobre a decis\u00e3o do ex-presidente da Petrobras Jos\u00e9 Sergio Gabrielli e de outros ex-diretores da estatal, de recorrerem ao plen\u00e1rio do Supremo Tribunal Federal (STF) para tentar desbloquear os bens determinado pelo TCU, Nardes mostrou-se confiante com a manuten\u00e7\u00e3o do parecer do ministro Gilmar Mendes, que negou recurso aos ex-diretores. &#8220;O Supremo j\u00e1 se manifestou com o ministro Gilmar Mendes, referendando a posi\u00e7\u00e3o do TCU&#8221;, frisou.<\/p>\n<p>Fonte: Jornal do Commercio<\/p>\n","protected":false},"excerpt":{"rendered":"<p>O presidente do Tribunal de Contas da Uni\u00e3o (TCU), Jo\u00e3o Augusto Nardes, confirmou para hoje (27) a an\u00e1lise sobre a possibilidade de bloqueio dos bens&#8230;<\/p>\n","protected":false},"author":1182,"featured_media":4986,"comment_status":"closed","ping_status":"closed","sticky":false,"template":"","format":"standard","meta":{"footnotes":""},"categories":[6],"tags":[],"class_list":["post-7443","post","type-post","status-publish","format-standard","has-post-thumbnail","hentry","category-noticias"],"_links":{"self":[{"href":"https:\/\/www.sincomam.org.br\/index.php\/wp-json\/wp\/v2\/posts\/7443","targetHints":{"allow":["GET"]}}],"collection":[{"href":"https:\/\/www.sincomam.org.br\/index.php\/wp-json\/wp\/v2\/posts"}],"about":[{"href":"https:\/\/www.sincomam.org.br\/index.php\/wp-json\/wp\/v2\/types\/post"}],"author":[{"embeddable":true,"href":"https:\/\/www.sincomam.org.br\/index.php\/wp-json\/wp\/v2\/users\/1182"}],"replies":[{"embeddable":true,"href":"https:\/\/www.sincomam.org.br\/index.php\/wp-json\/wp\/v2\/comments?post=7443"}],"version-history":[{"count":1,"href":"https:\/\/www.sincomam.org.br\/index.php\/wp-json\/wp\/v2\/posts\/7443\/revisions"}],"predecessor-version":[{"id":7444,"href":"https:\/\/www.sincomam.org.br\/index.php\/wp-json\/wp\/v2\/posts\/7443\/revisions\/7444"}],"wp:featuredmedia":[{"embeddable":true,"href":"https:\/\/www.sincomam.org.br\/index.php\/wp-json\/wp\/v2\/media\/4986"}],"wp:attachment":[{"href":"https:\/\/www.sincomam.org.br\/index.php\/wp-json\/wp\/v2\/media?parent=7443"}],"wp:term":[{"taxonomy":"category","embeddable":true,"href":"https:\/\/www.sincomam.org.br\/index.php\/wp-json\/wp\/v2\/categories?post=7443"},{"taxonomy":"post_tag","embeddable":true,"href":"https:\/\/www.sincomam.org.br\/index.php\/wp-json\/wp\/v2\/tags?post=7443"}],"curies":[{"name":"wp","href":"https:\/\/api.w.org\/{rel}","templated":true}]}}