{"id":7433,"date":"2014-08-27T08:43:04","date_gmt":"2014-08-27T11:43:04","guid":{"rendered":"http:\/\/www.sincomam.org.br\/?p=7433"},"modified":"2014-08-26T23:49:13","modified_gmt":"2014-08-27T02:49:13","slug":"comeca-a-segunda-fase-de-implantacao-do-porto-sem-papel","status":"publish","type":"post","link":"https:\/\/www.sincomam.org.br\/index.php\/comeca-a-segunda-fase-de-implantacao-do-porto-sem-papel\/","title":{"rendered":"Come\u00e7a a segunda fase de implanta\u00e7\u00e3o do Porto Sem Papel"},"content":{"rendered":"<p><strong><em>A\u00e7\u00e3o visa dar mais agilidade no processamento das informa\u00e7\u00f5es e contribuir para a preserva\u00e7\u00e3o do meio ambiente<\/em><\/strong><\/p>\n<p>Come\u00e7ou nesta ter\u00e7a-feira (26), a 2\u00aa Fase da implanta\u00e7\u00e3o do PSP (Porto Sem Papel) pela Autoridade Mar\u00edtima. Desta forma, o despacho de embarca\u00e7\u00f5es, previstos nas Normas da Autoridade Mar\u00edtima para Tr\u00e1fego e Perman\u00eancia de Embarca\u00e7\u00f5es em \u00c1guas Jurisdicionais Brasileiras \u2013 NORMAM-08\/DPC passar\u00e3o a tramitar eletronicamente no referido sistema, dispensando, assim, a utiliza\u00e7\u00e3o dos formul\u00e1rios em papel.<\/p>\n<p>Ap\u00f3s a revis\u00e3o, em mar\u00e7o do ano passado, o SERPRO (Servi\u00e7o Federal de Processamento de Dados) passou a desenvolver as novas funcionalidades para o tr\u00e2mite eletr\u00f4nico de documentos com assinatura digital visando atender os requisitos da referida norma.<\/p>\n<p>Al\u00e9m de proporcionar agilidade no processamento das informa\u00e7\u00f5es pertinentes \u00e0 Autoridade Mar\u00edtima, a iniciativa contribuir\u00e1, tamb\u00e9m, para a preserva\u00e7\u00e3o do meio ambiente, uma vez que os formul\u00e1rios impressos n\u00e3o ser\u00e3o mais utilizados nos portos contemplados pelo PSP.<\/p>\n<p>Em fun\u00e7\u00e3o de sua relev\u00e2ncia no cen\u00e1rio nacional, o Porto de Santos, assim como na primeira etapa de implanta\u00e7\u00e3o ocorrida h\u00e1 tr\u00eas anos, foi escolhido para sediar o lan\u00e7amento oficial dessa nova fase da participa\u00e7\u00e3o da Autoridade Mar\u00edtima no Programa.<\/p>\n<p>Fonte: Guia Mar\u00edtimo<\/p>\n","protected":false},"excerpt":{"rendered":"<p>A\u00e7\u00e3o visa dar mais agilidade no processamento das informa\u00e7\u00f5es e contribuir para a preserva\u00e7\u00e3o do meio ambiente Come\u00e7ou nesta ter\u00e7a-feira (26), a 2\u00aa Fase da&#8230;<\/p>\n","protected":false},"author":1182,"featured_media":6060,"comment_status":"closed","ping_status":"closed","sticky":false,"template":"","format":"standard","meta":{"footnotes":""},"categories":[6],"tags":[],"class_list":["post-7433","post","type-post","status-publish","format-standard","has-post-thumbnail","hentry","category-noticias"],"_links":{"self":[{"href":"https:\/\/www.sincomam.org.br\/index.php\/wp-json\/wp\/v2\/posts\/7433","targetHints":{"allow":["GET"]}}],"collection":[{"href":"https:\/\/www.sincomam.org.br\/index.php\/wp-json\/wp\/v2\/posts"}],"about":[{"href":"https:\/\/www.sincomam.org.br\/index.php\/wp-json\/wp\/v2\/types\/post"}],"author":[{"embeddable":true,"href":"https:\/\/www.sincomam.org.br\/index.php\/wp-json\/wp\/v2\/users\/1182"}],"replies":[{"embeddable":true,"href":"https:\/\/www.sincomam.org.br\/index.php\/wp-json\/wp\/v2\/comments?post=7433"}],"version-history":[{"count":1,"href":"https:\/\/www.sincomam.org.br\/index.php\/wp-json\/wp\/v2\/posts\/7433\/revisions"}],"predecessor-version":[{"id":7434,"href":"https:\/\/www.sincomam.org.br\/index.php\/wp-json\/wp\/v2\/posts\/7433\/revisions\/7434"}],"wp:featuredmedia":[{"embeddable":true,"href":"https:\/\/www.sincomam.org.br\/index.php\/wp-json\/wp\/v2\/media\/6060"}],"wp:attachment":[{"href":"https:\/\/www.sincomam.org.br\/index.php\/wp-json\/wp\/v2\/media?parent=7433"}],"wp:term":[{"taxonomy":"category","embeddable":true,"href":"https:\/\/www.sincomam.org.br\/index.php\/wp-json\/wp\/v2\/categories?post=7433"},{"taxonomy":"post_tag","embeddable":true,"href":"https:\/\/www.sincomam.org.br\/index.php\/wp-json\/wp\/v2\/tags?post=7433"}],"curies":[{"name":"wp","href":"https:\/\/api.w.org\/{rel}","templated":true}]}}