{"id":7430,"date":"2014-08-27T08:33:29","date_gmt":"2014-08-27T11:33:29","guid":{"rendered":"http:\/\/www.sincomam.org.br\/?p=7430"},"modified":"2014-08-26T23:39:52","modified_gmt":"2014-08-27T02:39:52","slug":"porto-de-itajai-esta-entre-os-120-maiores-do-mundo","status":"publish","type":"post","link":"https:\/\/www.sincomam.org.br\/index.php\/porto-de-itajai-esta-entre-os-120-maiores-do-mundo\/","title":{"rendered":"Porto de Itaja\u00ed est\u00e1 entre os 120 maiores do mundo"},"content":{"rendered":"<p>O Complexo Portu\u00e1rio do Itaja\u00ed est\u00e1 entre os 120 maiores portos do mundo e ganhou cinco posi\u00e7\u00f5es na edi\u00e7\u00e3o de 2014 do World Top Container Ports, ranking publicado anualmente pela publica\u00e7\u00e3o brit\u00e2nica Container Management. Com 1.120,627 TEUs (Twenty-foot Equivalent Unit \u2013 unidade internacional equivalente a um cont\u00eainer de 20 p\u00e9s) operados em 2013, o Complexo catarinense passou da 108\u00aa posi\u00e7\u00e3o, na edi\u00e7\u00e3o de 2013, para a 103\u00aa posi\u00e7\u00e3o, neste ano.<\/p>\n<p>Entre os portos brasileiros, somente Itaja\u00ed e Santos (38\u00aa posi\u00e7\u00e3o) constam no ranking. A publica\u00e7\u00e3o aponta ainda uma evolu\u00e7\u00e3o de 12% na movimenta\u00e7\u00e3o das cargas do Complexo do Itaja\u00ed entre os anos de 2012 e 2013.<\/p>\n<p>\u201cO fato de estarmos no seleto grupo dos 120 maiores portos do mundo, ganhando posi\u00e7\u00f5es ano a ano, \u00e9 um motivo de grande satisfa\u00e7\u00e3o para a Autoridade Portu\u00e1ria de Itaja\u00ed, que v\u00ea essa coloca\u00e7\u00e3o como um reconhecimento a todo o trabalho desenvolvido e aos investimentos que o Porto vem recebendo em melhorias de sua infraestrutura terrestre e aquavi\u00e1ria\u201d, explica o superintendente do Porto de Itaja\u00ed, Antonio Ayres dos Santos J\u00fanior.<\/p>\n<p>Para Ayres, a posi\u00e7\u00e3o alcan\u00e7ada por Itaja\u00ed no World Top Container Ports 2014 tamb\u00e9m pode ser creditada a garra e determina\u00e7\u00e3o da comunidade portu\u00e1ria de Itaja\u00ed e regi\u00e3o, bem como a aten\u00e7\u00e3o especial que o Porto de Itaja\u00ed recebe da Secretaria de Portos da Presid\u00eancia da Rep\u00fablica, que com constantes investimentos em infraestrutura.<\/p>\n<p>Fonte: Portal Economia &#8211; SCVictor Schneider<\/p>\n","protected":false},"excerpt":{"rendered":"<p>O Complexo Portu\u00e1rio do Itaja\u00ed est\u00e1 entre os 120 maiores portos do mundo e ganhou cinco posi\u00e7\u00f5es na edi\u00e7\u00e3o de 2014 do World Top Container&#8230;<\/p>\n","protected":false},"author":1182,"featured_media":6990,"comment_status":"closed","ping_status":"closed","sticky":false,"template":"","format":"standard","meta":{"footnotes":""},"categories":[6],"tags":[],"class_list":["post-7430","post","type-post","status-publish","format-standard","has-post-thumbnail","hentry","category-noticias"],"_links":{"self":[{"href":"https:\/\/www.sincomam.org.br\/index.php\/wp-json\/wp\/v2\/posts\/7430","targetHints":{"allow":["GET"]}}],"collection":[{"href":"https:\/\/www.sincomam.org.br\/index.php\/wp-json\/wp\/v2\/posts"}],"about":[{"href":"https:\/\/www.sincomam.org.br\/index.php\/wp-json\/wp\/v2\/types\/post"}],"author":[{"embeddable":true,"href":"https:\/\/www.sincomam.org.br\/index.php\/wp-json\/wp\/v2\/users\/1182"}],"replies":[{"embeddable":true,"href":"https:\/\/www.sincomam.org.br\/index.php\/wp-json\/wp\/v2\/comments?post=7430"}],"version-history":[{"count":1,"href":"https:\/\/www.sincomam.org.br\/index.php\/wp-json\/wp\/v2\/posts\/7430\/revisions"}],"predecessor-version":[{"id":7431,"href":"https:\/\/www.sincomam.org.br\/index.php\/wp-json\/wp\/v2\/posts\/7430\/revisions\/7431"}],"wp:featuredmedia":[{"embeddable":true,"href":"https:\/\/www.sincomam.org.br\/index.php\/wp-json\/wp\/v2\/media\/6990"}],"wp:attachment":[{"href":"https:\/\/www.sincomam.org.br\/index.php\/wp-json\/wp\/v2\/media?parent=7430"}],"wp:term":[{"taxonomy":"category","embeddable":true,"href":"https:\/\/www.sincomam.org.br\/index.php\/wp-json\/wp\/v2\/categories?post=7430"},{"taxonomy":"post_tag","embeddable":true,"href":"https:\/\/www.sincomam.org.br\/index.php\/wp-json\/wp\/v2\/tags?post=7430"}],"curies":[{"name":"wp","href":"https:\/\/api.w.org\/{rel}","templated":true}]}}