{"id":7386,"date":"2014-08-25T08:48:22","date_gmt":"2014-08-25T11:48:22","guid":{"rendered":"http:\/\/www.sincomam.org.br\/?p=7386"},"modified":"2014-08-23T12:53:22","modified_gmt":"2014-08-23T15:53:22","slug":"submarino-tapajo-se-prepara-para-exercicio-de-minagem-e-recebe-visita-do-comemch","status":"publish","type":"post","link":"https:\/\/www.sincomam.org.br\/index.php\/submarino-tapajo-se-prepara-para-exercicio-de-minagem-e-recebe-visita-do-comemch\/","title":{"rendered":"Submarino \u2018Tapaj\u00f3\u2019 se prepara para exerc\u00edcio de minagem e recebe visita do ComemCh"},"content":{"rendered":"<p>No dia 19 de agosto, foram embarcadas no Submarino \u201cTapaj\u00f3\u201d tr\u00eas minas de exerc\u00edcio (MCEM-23C) para adestramento de minagem, a ser realizado durante o per\u00edodo da comiss\u00e3o \u201cADEREX-I\/14\u201d, que acontece de 25 a 29 de agosto.<\/p>\n<p>A fase inicial do exerc\u00edcio deu-se com a prepara\u00e7\u00e3o do compartimento de baterias do Submarino, para que o sistema de transporte e movimenta\u00e7\u00e3o seja utilizado. Em seguida, por meio de manobra com tanques de lastro, foi dada uma ponta de cerca de 3 graus para cima (elevando em 3 graus a proa do submarino), para possibilitar a montagem da plataforma de recebimento na proa e o embarque das minas pelos tubos de torpedo superiores. Ap\u00f3s o embarque, as minas foram alojadas nos ber\u00e7os e nos tubos de torpedo, que possuem a capacidade de realizar o lan\u00e7amento das minas.<\/p>\n<p>A Opera\u00e7\u00e3o de Minagem consiste no lan\u00e7amento criterioso de minas em \u00e1reas selecionadas, para destruir navios, conter, limitar ou retardar seu tr\u00e2nsito. Os submarinos podem penetrar em uma \u00e1rea controlada pelo inimigo, lan\u00e7ar minas de acordo com um padr\u00e3o mais preciso que o obtido pela minagem por aeronave e evadir-se sem revelar a presen\u00e7a.<\/p>\n<p>Participaram desse evento a Diretoria de Sistemas de Armas da Marinha, o Comando da For\u00e7a de Submarinos, o Centro de Manuten\u00e7\u00e3o de Sistemas da Marinha, o Centro de M\u00edsseis e Armas Submarinas da Marinha, a Base Almirante Castro e Silva e o Centro de Instru\u00e7\u00e3o e Adestramento Almirante \u00c1ttila Monteiro Ach\u00e9.<\/p>\n<p>Nesse dia, o submarino recebeu a visita do Comandante-em-Chefe da Esquadra, Vice-Almirante Ilques Barbosa Junior, que verificou o andamento da faina e os procedimentos realizados.<\/p>\n<p>Fonte: MB<\/p>\n","protected":false},"excerpt":{"rendered":"<p>No dia 19 de agosto, foram embarcadas no Submarino \u201cTapaj\u00f3\u201d tr\u00eas minas de exerc\u00edcio (MCEM-23C) para adestramento de minagem, a ser realizado durante o per\u00edodo&#8230;<\/p>\n","protected":false},"author":1182,"featured_media":7388,"comment_status":"closed","ping_status":"closed","sticky":false,"template":"","format":"standard","meta":{"footnotes":""},"categories":[6],"tags":[],"class_list":["post-7386","post","type-post","status-publish","format-standard","has-post-thumbnail","hentry","category-noticias"],"_links":{"self":[{"href":"https:\/\/www.sincomam.org.br\/index.php\/wp-json\/wp\/v2\/posts\/7386","targetHints":{"allow":["GET"]}}],"collection":[{"href":"https:\/\/www.sincomam.org.br\/index.php\/wp-json\/wp\/v2\/posts"}],"about":[{"href":"https:\/\/www.sincomam.org.br\/index.php\/wp-json\/wp\/v2\/types\/post"}],"author":[{"embeddable":true,"href":"https:\/\/www.sincomam.org.br\/index.php\/wp-json\/wp\/v2\/users\/1182"}],"replies":[{"embeddable":true,"href":"https:\/\/www.sincomam.org.br\/index.php\/wp-json\/wp\/v2\/comments?post=7386"}],"version-history":[{"count":1,"href":"https:\/\/www.sincomam.org.br\/index.php\/wp-json\/wp\/v2\/posts\/7386\/revisions"}],"predecessor-version":[{"id":7389,"href":"https:\/\/www.sincomam.org.br\/index.php\/wp-json\/wp\/v2\/posts\/7386\/revisions\/7389"}],"wp:featuredmedia":[{"embeddable":true,"href":"https:\/\/www.sincomam.org.br\/index.php\/wp-json\/wp\/v2\/media\/7388"}],"wp:attachment":[{"href":"https:\/\/www.sincomam.org.br\/index.php\/wp-json\/wp\/v2\/media?parent=7386"}],"wp:term":[{"taxonomy":"category","embeddable":true,"href":"https:\/\/www.sincomam.org.br\/index.php\/wp-json\/wp\/v2\/categories?post=7386"},{"taxonomy":"post_tag","embeddable":true,"href":"https:\/\/www.sincomam.org.br\/index.php\/wp-json\/wp\/v2\/tags?post=7386"}],"curies":[{"name":"wp","href":"https:\/\/api.w.org\/{rel}","templated":true}]}}