{"id":7372,"date":"2014-08-25T08:10:10","date_gmt":"2014-08-25T11:10:10","guid":{"rendered":"http:\/\/www.sincomam.org.br\/?p=7372"},"modified":"2014-08-23T10:50:37","modified_gmt":"2014-08-23T13:50:37","slug":"denuncias-contra-o-estaleiro-eisa-serao-discutidas-em-audiencia","status":"publish","type":"post","link":"https:\/\/www.sincomam.org.br\/index.php\/denuncias-contra-o-estaleiro-eisa-serao-discutidas-em-audiencia\/","title":{"rendered":"Den\u00fancias contra o estaleiro EISA ser\u00e3o discutidas em audi\u00eancia"},"content":{"rendered":"<p>A Comiss\u00e3o de Trabalho, Legisla\u00e7\u00e3o e Seguridade Social da Assembleia Legislativa do Estado do Rio de Janeiro (Alerj) realizou uma audi\u00eancia p\u00fablica ontem, quinta-feira, para discutir problemas de gest\u00e3o no estaleiro Eisa e a situa\u00e7\u00e3o da ind\u00fastria naval no estado. Ser\u00e3o discutidas den\u00fancias recebidas pelo colegiado, de sal\u00e1rios atrasados, demiss\u00f5es e a possibilidade de suspens\u00e3o de contratos de oper\u00e1rios.<\/p>\n<p>&#8211; Os trabalhadores est\u00e3o sendo prejudicados e o sofrimento deles est\u00e1 sendo aproveitado para se conseguir dinheiro, inclusive, do governo &#8211; afirma o presidente da comiss\u00e3o, deputado Paulo Ramos (PSol). Entre os convidados est\u00e3o, al\u00e9m de trabalhadores da categoria e sindicalistas, o presidente do Eisa, Josuan Moraes, e o advogado do estaleiro, David Maciel Mello Filho; o conselheiro do grupo Synergy, que controla o Eisa, Omar Peres; procuradores do Minist\u00e9rio P\u00fablico do Trabalho; o superintendente regional do Trabalho e Emprego, Antonio Albuquerque, e o secret\u00e1rio de Estado de Desenvolvimento Econ\u00f4mico, Energia, Ind\u00fastria e Servi\u00e7os, Julio Bueno, al\u00e9m de representantes do BNDES e da OAB-RJ.<\/p>\n<p>Fonte: Monitor Mercantil<\/p>\n<p><strong>\u00a0<\/strong><\/p>\n","protected":false},"excerpt":{"rendered":"<p>A Comiss\u00e3o de Trabalho, Legisla\u00e7\u00e3o e Seguridade Social da Assembleia Legislativa do Estado do Rio de Janeiro (Alerj) realizou uma audi\u00eancia p\u00fablica ontem, quinta-feira, para&#8230;<\/p>\n","protected":false},"author":1182,"featured_media":7066,"comment_status":"closed","ping_status":"closed","sticky":false,"template":"","format":"standard","meta":{"footnotes":""},"categories":[6],"tags":[],"class_list":["post-7372","post","type-post","status-publish","format-standard","has-post-thumbnail","hentry","category-noticias"],"_links":{"self":[{"href":"https:\/\/www.sincomam.org.br\/index.php\/wp-json\/wp\/v2\/posts\/7372","targetHints":{"allow":["GET"]}}],"collection":[{"href":"https:\/\/www.sincomam.org.br\/index.php\/wp-json\/wp\/v2\/posts"}],"about":[{"href":"https:\/\/www.sincomam.org.br\/index.php\/wp-json\/wp\/v2\/types\/post"}],"author":[{"embeddable":true,"href":"https:\/\/www.sincomam.org.br\/index.php\/wp-json\/wp\/v2\/users\/1182"}],"replies":[{"embeddable":true,"href":"https:\/\/www.sincomam.org.br\/index.php\/wp-json\/wp\/v2\/comments?post=7372"}],"version-history":[{"count":1,"href":"https:\/\/www.sincomam.org.br\/index.php\/wp-json\/wp\/v2\/posts\/7372\/revisions"}],"predecessor-version":[{"id":7373,"href":"https:\/\/www.sincomam.org.br\/index.php\/wp-json\/wp\/v2\/posts\/7372\/revisions\/7373"}],"wp:featuredmedia":[{"embeddable":true,"href":"https:\/\/www.sincomam.org.br\/index.php\/wp-json\/wp\/v2\/media\/7066"}],"wp:attachment":[{"href":"https:\/\/www.sincomam.org.br\/index.php\/wp-json\/wp\/v2\/media?parent=7372"}],"wp:term":[{"taxonomy":"category","embeddable":true,"href":"https:\/\/www.sincomam.org.br\/index.php\/wp-json\/wp\/v2\/categories?post=7372"},{"taxonomy":"post_tag","embeddable":true,"href":"https:\/\/www.sincomam.org.br\/index.php\/wp-json\/wp\/v2\/tags?post=7372"}],"curies":[{"name":"wp","href":"https:\/\/api.w.org\/{rel}","templated":true}]}}