{"id":7347,"date":"2014-08-22T08:09:39","date_gmt":"2014-08-22T11:09:39","guid":{"rendered":"http:\/\/www.sincomam.org.br\/?p=7347"},"modified":"2014-08-21T23:52:42","modified_gmt":"2014-08-22T02:52:42","slug":"antaq-celebra-contrato-de-adesao-com-empresa-de-itajai-sc","status":"publish","type":"post","link":"https:\/\/www.sincomam.org.br\/index.php\/antaq-celebra-contrato-de-adesao-com-empresa-de-itajai-sc\/","title":{"rendered":"ANTAQ celebra contrato de ades\u00e3o com empresa de Itaja\u00ed (SC)"},"content":{"rendered":"<p>A Uni\u00e3o, por interm\u00e9dio da Antaq, celebrou com a Poly Terminais Portu\u00e1rios S\/A contrato de ades\u00e3o adaptado \u00e0 Lei 12.815. A assinatura aconteceu, ontem, quarta-feira (20), na sede da Ag\u00eancia, em Bras\u00edlia. O diretor-geral, M\u00e1rio Povia, representou a Ag\u00eancia. Adalberto Sedlacek e Julio Boticelli representaram a empresa.<\/p>\n<p>O objeto da autoriza\u00e7\u00e3o \u00e9 a instala\u00e7\u00e3o portu\u00e1ria, na modalidade de terminal de uso privado, denominada Poly Terminais Portu\u00e1rios S\/A, localizada em Itaja\u00ed (SC). A autoriza\u00e7\u00e3o compreende a movimenta\u00e7\u00e3o e a armazenagem de carga geral, carga conteinerizada e granel l\u00edquido (soda c\u00e1ustica), destinados ou provenientes de transporte aquavi\u00e1rio. A \u00e1rea autorizada para explora\u00e7\u00e3o da instala\u00e7\u00e3o portu\u00e1ria corresponde a 82.804,17 metros quadrados.<\/p>\n<p>A autoriza\u00e7\u00e3o ter\u00e1 vig\u00eancia por 25 anos contados da data de assinatura do contrato de ades\u00e3o. O prazo ser\u00e1 prorrogado por per\u00edodos sucessivos desde que a atividade seja mantida e a empresa promova os investimentos necess\u00e1rios para a expans\u00e3o e moderniza\u00e7\u00e3o das instala\u00e7\u00f5es portu\u00e1rias. Vale destacar que a Poly Terminais Portu\u00e1rios dever\u00e1 manifestar o interesse na prorroga\u00e7\u00e3o do contrato com anteced\u00eancia m\u00ednima de 18 meses de sua expira\u00e7\u00e3o.<\/p>\n<p>Fonte: Antaq<\/p>\n","protected":false},"excerpt":{"rendered":"<p>A Uni\u00e3o, por interm\u00e9dio da Antaq, celebrou com a Poly Terminais Portu\u00e1rios S\/A contrato de ades\u00e3o adaptado \u00e0 Lei 12.815. A assinatura aconteceu, ontem, quarta-feira&#8230;<\/p>\n","protected":false},"author":1182,"featured_media":6990,"comment_status":"closed","ping_status":"closed","sticky":false,"template":"","format":"standard","meta":{"footnotes":""},"categories":[6],"tags":[],"class_list":["post-7347","post","type-post","status-publish","format-standard","has-post-thumbnail","hentry","category-noticias"],"_links":{"self":[{"href":"https:\/\/www.sincomam.org.br\/index.php\/wp-json\/wp\/v2\/posts\/7347","targetHints":{"allow":["GET"]}}],"collection":[{"href":"https:\/\/www.sincomam.org.br\/index.php\/wp-json\/wp\/v2\/posts"}],"about":[{"href":"https:\/\/www.sincomam.org.br\/index.php\/wp-json\/wp\/v2\/types\/post"}],"author":[{"embeddable":true,"href":"https:\/\/www.sincomam.org.br\/index.php\/wp-json\/wp\/v2\/users\/1182"}],"replies":[{"embeddable":true,"href":"https:\/\/www.sincomam.org.br\/index.php\/wp-json\/wp\/v2\/comments?post=7347"}],"version-history":[{"count":1,"href":"https:\/\/www.sincomam.org.br\/index.php\/wp-json\/wp\/v2\/posts\/7347\/revisions"}],"predecessor-version":[{"id":7348,"href":"https:\/\/www.sincomam.org.br\/index.php\/wp-json\/wp\/v2\/posts\/7347\/revisions\/7348"}],"wp:featuredmedia":[{"embeddable":true,"href":"https:\/\/www.sincomam.org.br\/index.php\/wp-json\/wp\/v2\/media\/6990"}],"wp:attachment":[{"href":"https:\/\/www.sincomam.org.br\/index.php\/wp-json\/wp\/v2\/media?parent=7347"}],"wp:term":[{"taxonomy":"category","embeddable":true,"href":"https:\/\/www.sincomam.org.br\/index.php\/wp-json\/wp\/v2\/categories?post=7347"},{"taxonomy":"post_tag","embeddable":true,"href":"https:\/\/www.sincomam.org.br\/index.php\/wp-json\/wp\/v2\/tags?post=7347"}],"curies":[{"name":"wp","href":"https:\/\/api.w.org\/{rel}","templated":true}]}}