{"id":7323,"date":"2014-08-21T08:03:35","date_gmt":"2014-08-21T11:03:35","guid":{"rendered":"http:\/\/www.sincomam.org.br\/?p=7323"},"modified":"2014-08-20T22:14:40","modified_gmt":"2014-08-21T01:14:40","slug":"oficiais-latino-americanos-participam-de-exercicio-de-defesa-quimica-em-complexo-da-marinha","status":"publish","type":"post","link":"https:\/\/www.sincomam.org.br\/index.php\/oficiais-latino-americanos-participam-de-exercicio-de-defesa-quimica-em-complexo-da-marinha\/","title":{"rendered":"Oficiais latino-americanos participam de exerc\u00edcio de defesa qu\u00edmica em complexo da Marinha"},"content":{"rendered":"<p>Os participantes do I Exerc\u00edcio Regional de Assist\u00eancia e Prote\u00e7\u00e3o para os Pa\u00edses Membros da Conven\u00e7\u00e3o para Proibi\u00e7\u00e3o de Armas Qu\u00edmicas (CPAQ) participaram, nesta ter\u00e7a-feira (19), de atividades pr\u00e1ticas no Centro Tecnol\u00f3gico do Corpo de Fuzileiros Navais, no Complexo Caxias-Meriti, no Rio de Janeiro. Durante a visita \u00e0 base militar, os representantes de diversos pa\u00edses da Am\u00e9rica Latina e Caribe conheceram os objetivos do sistema de defesa nuclear, biol\u00f3gico, qu\u00edmico e radiol\u00f3gico (DNBQR) da Marinha do Brasil.<\/p>\n<p>O sistema de defesa DNBQR da For\u00e7a Naval tem por objetivo dar prote\u00e7\u00e3o aos recursos naturais, \u00e0s instala\u00e7\u00f5es sens\u00edveis e \u00e0s unidades operativas e servir de refer\u00eancia em Medicina Nuclear. Tamb\u00e9m foi explicado aos alunos do exerc\u00edcio que os sistemas DNBQR das For\u00e7as Armadas se integram ao Sistema Nacional de Prote\u00e7\u00e3o e Defesa Civil, composto por v\u00e1rias ag\u00eancias, \u00f3rg\u00e3os governamentais e minist\u00e9rios.<\/p>\n<p>Esses sistemas foram empregados no 5\u00ba Jogos Mundiais Militares, na Confer\u00eancia da ONU Rio+20, Copa das Confedera\u00e7\u00f5es, Jornada Mundial da Juventude, Copa do Mundo, e, futuramente, nos Jogos Ol\u00edmpicos Rio 2016.<\/p>\n<p>Entre os casos apresentados pela Marinha est\u00e1 o incidente qu\u00edmico ocorrido em setembro de 2013 na cidade catarinense de S\u00e3o Francisco do Sul. Na \u00e9poca, a Marinha prestou apoiou, em menos de cinco horas, \u00e0 prefeitura e \u00e0 defesa civil local. Outro caso relatado foi acidente radioativo ocorrido em Goi\u00e2nia, em 1987, e considerado o maior desastre radiol\u00f3gico do Brasil. O fato tornou o Hospital Naval Marc\u00edlio Dias refer\u00eancia no tratamento de radio-acidentados. E o Laborat\u00f3rio Farmac\u00eautico da Marinha come\u00e7ou a produzir medicamentos de combate ao agente radioativo c\u00e9sio 137.<\/p>\n<p><strong>Equipamentos<\/strong><\/p>\n<p>Os participantes do exerc\u00edcio puderam conhecer ainda o conjunto de medidas para mitigar os efeitos de uma contamina\u00e7\u00e3o. Entre elas, est\u00e3o os Equipamentos de Prote\u00e7\u00e3o Individual (EPIs), compostos por roupas e m\u00e1scaras respirat\u00f3rias. O EPI possui n\u00edveis de prote\u00e7\u00e3o que variam do mais alto (A) ao mais baixo (D).<\/p>\n<p>O macac\u00e3o n\u00edvel A \u00e9 totalmente encapsulado e utilizado em contamina\u00e7\u00e3o por agentes l\u00edquidos. O de n\u00edvel B a luva de prote\u00e7\u00e3o n\u00e3o \u00e9 encapsulada junto \u00e0 roupa. O traje de n\u00edvel C \u00e9 empregado em acidentes radiol\u00f3gicos com materiais em p\u00f3 e a g\u00e1s.<\/p>\n<p>Experi\u00eancias<\/p>\n<p>&nbsp;<\/p>\n<p>A capit\u00e3o do ex\u00e9rcito uruguaio, Silvana Chaves (foto), vestiu a roupa de prote\u00e7\u00e3o C, com carv\u00e3o ativado, para ser usado contra elementos s\u00f3lidos, n\u00e3o l\u00edquidos. \u201cMeu pa\u00eds est\u00e1 interessado na prote\u00e7\u00e3o qu\u00edmica, devido ao grande n\u00famero de f\u00e1bricas neste setor\u201d, conta a militar. Para Marisol De La Pe\u00f1a, bombeiro da Brigada de Riscos Especiais de Buenos Aires, da Argentina, o curso no Brasil refor\u00e7a os conhecimentos j\u00e1 adquiridos nas edi\u00e7\u00f5es te\u00f3ricas anteriores e a colabora\u00e7\u00e3o multilateral entre os pa\u00edses membros da Organiza\u00e7\u00e3o para a Proibi\u00e7\u00e3o de Armas Qu\u00edmicas (OPAQ).<\/p>\n<p>O capit\u00e3o Caceres, da Pol\u00edcia chilena, tem sete anos de experi\u00eancia na \u00e1rea, mas considera a experi\u00eancia fundamental para adquirir novos aprendizados e troca de informa\u00e7\u00f5es.<\/p>\n<p><strong>Laborat\u00f3rio<\/strong><\/p>\n<p>Uma atra\u00e7\u00e3o \u00e0 parte para os estagi\u00e1rios foi conhecer o Laborat\u00f3rio Qu\u00edmico e Biol\u00f3gico M\u00f3vel da Marinha do Brasil. Equipado com instrumentos para an\u00e1lises de amostras, o laborat\u00f3rio foi utilizado durante a Copa do Mundo nas cidades-sede de Natal (RN) e Salvador (BA). Segundo especialistas da Marinha, ele \u00e9 considerado o estado da arte em termos laboratoriais.<\/p>\n<p><strong>Atividade<\/strong><\/p>\n<p>Os representantes participaram \u00e0 tarde de uma demonstra\u00e7\u00e3o de como lidar no caso de um acidente ou ataque qu\u00edmico. Utilizando-se de informa\u00e7\u00f5es e crit\u00e9rios, os militares simularam t\u00e9cnicas de sele\u00e7\u00e3o e triagem de v\u00edtimas de um acidente por um agente neurot\u00f3xico. A finalidade do treinamento era fazer a triagem inicial dos pacientes e prestar os primeiros socorros conforme o grau de gravidade dos ferimentos.<\/p>\n<p>Nesta quarta (20), o grupo ter\u00e1 outra atividade pr\u00e1tica no Centro Tecnol\u00f3gico do Ex\u00e9rcito Brasileiro, em Guaratiba, no Rio de Janeiro. O I Exerc\u00edcio da Conven\u00e7\u00e3o para Proibi\u00e7\u00e3o de Armas Qu\u00edmicas (CPAQ), que acontece at\u00e9 o dia 22 de agosto, inclui atividades de detec\u00e7\u00e3o e descontamina\u00e7\u00e3o, bem como a elabora\u00e7\u00e3o do planejamento e prepara\u00e7\u00e3o para resposta a emerg\u00eancias qu\u00edmicas.<\/p>\n<p>Participam do I Exerc\u00edcio da CPAQ, al\u00e9m do Brasil, representantes da Argentina, Bol\u00edvia, Col\u00f4mbia, Costa Rica, Chile, Cuba, Rep\u00fablica Dominicana, Equador, El Salvador, Guatemala, Honduras, M\u00e9xico, Nicar\u00e1gua, Panam\u00e1, Paraguai, Pero, S\u00e3o-Cristov\u00e3o-e-Neves e Uruguai.<\/p>\n<p>Fonte: Minist\u00e9rio da Defesa \/ Poder Naval<\/p>\n","protected":false},"excerpt":{"rendered":"<p>Os participantes do I Exerc\u00edcio Regional de Assist\u00eancia e Prote\u00e7\u00e3o para os Pa\u00edses Membros da Conven\u00e7\u00e3o para Proibi\u00e7\u00e3o de Armas Qu\u00edmicas (CPAQ) participaram, nesta ter\u00e7a-feira&#8230;<\/p>\n","protected":false},"author":1182,"featured_media":7324,"comment_status":"closed","ping_status":"closed","sticky":false,"template":"","format":"standard","meta":{"footnotes":""},"categories":[1],"tags":[],"class_list":["post-7323","post","type-post","status-publish","format-standard","has-post-thumbnail","hentry","category-sem-categoria"],"_links":{"self":[{"href":"https:\/\/www.sincomam.org.br\/index.php\/wp-json\/wp\/v2\/posts\/7323","targetHints":{"allow":["GET"]}}],"collection":[{"href":"https:\/\/www.sincomam.org.br\/index.php\/wp-json\/wp\/v2\/posts"}],"about":[{"href":"https:\/\/www.sincomam.org.br\/index.php\/wp-json\/wp\/v2\/types\/post"}],"author":[{"embeddable":true,"href":"https:\/\/www.sincomam.org.br\/index.php\/wp-json\/wp\/v2\/users\/1182"}],"replies":[{"embeddable":true,"href":"https:\/\/www.sincomam.org.br\/index.php\/wp-json\/wp\/v2\/comments?post=7323"}],"version-history":[{"count":1,"href":"https:\/\/www.sincomam.org.br\/index.php\/wp-json\/wp\/v2\/posts\/7323\/revisions"}],"predecessor-version":[{"id":7325,"href":"https:\/\/www.sincomam.org.br\/index.php\/wp-json\/wp\/v2\/posts\/7323\/revisions\/7325"}],"wp:featuredmedia":[{"embeddable":true,"href":"https:\/\/www.sincomam.org.br\/index.php\/wp-json\/wp\/v2\/media\/7324"}],"wp:attachment":[{"href":"https:\/\/www.sincomam.org.br\/index.php\/wp-json\/wp\/v2\/media?parent=7323"}],"wp:term":[{"taxonomy":"category","embeddable":true,"href":"https:\/\/www.sincomam.org.br\/index.php\/wp-json\/wp\/v2\/categories?post=7323"},{"taxonomy":"post_tag","embeddable":true,"href":"https:\/\/www.sincomam.org.br\/index.php\/wp-json\/wp\/v2\/tags?post=7323"}],"curies":[{"name":"wp","href":"https:\/\/api.w.org\/{rel}","templated":true}]}}