{"id":7292,"date":"2014-08-20T08:42:16","date_gmt":"2014-08-20T11:42:16","guid":{"rendered":"http:\/\/www.sincomam.org.br\/?p=7292"},"modified":"2014-08-19T22:44:16","modified_gmt":"2014-08-20T01:44:16","slug":"edson-santos-busca-saida-para-crise-do-estaleiro-eisa","status":"publish","type":"post","link":"https:\/\/www.sincomam.org.br\/index.php\/edson-santos-busca-saida-para-crise-do-estaleiro-eisa\/","title":{"rendered":"Edson Santos busca sa\u00edda para crise do estaleiro Eisa"},"content":{"rendered":"<p>O deputado Edson Santos (PT-RJ), presidente da Frente Parlamentar da Ind\u00fastria Mar\u00edtima, acha dif\u00edcil a volta das empresas nacionais \u00e0 navega\u00e7\u00e3o para o exterior, mas cr\u00ea que se deve insistir na tese.<\/p>\n<p>\u2013 A verdade \u00e9 que a constru\u00e7\u00e3o naval n\u00e3o pode se manter apenas com encomendas de plataformas e barcos da Petrobras e navios da Transpetro. Toda na\u00e7\u00e3o que se preza tem sua marinha mercante e essas empresas deveriam se impor e ainda fazer encomendas aos estaleiros.<\/p>\n<p>Santos considera fundamental mostrar ao novo governo a necessidade de se dar prosseguimento \u00e0 pol\u00edtica de conte\u00fado local.<\/p>\n<p>\u2013 A constru\u00e7\u00e3o naval, com quase 100 mil empregados, n\u00e3o pode depender da boa vontade de um ou outro governante. Tem de ser pol\u00edtica de estado, n\u00e3o de governo. Quatro novos estaleiros est\u00e3o na reta final de constru\u00e7\u00e3o: Oceana, em Santa Catarina; EBR, no Rio Grande do Sul; Jurong Aracruz, no Esp\u00edrito Santo; e Enseada, na Bahia. Com eles, o setor passa a contar com cerca de 50 estaleiros distribu\u00eddos de norte a sul do pa\u00eds.<\/p>\n<p>A prop\u00f3sito, Santos enviou esclarecimento sobre a nota \u201cFrente Parlamentar contra a verba oficial para o Eisa\u201d. \u00a0Diz ele: \u201cN\u00e3o devo ter me expressado bem na abertura da 11\u00aa Marintec\/Navalshore e, portanto, agrade\u00e7o pela oportunidade de retificar a informa\u00e7\u00e3o. Na condi\u00e7\u00e3o de presidente da Frente Parlamentar Mista em Defesa da Ind\u00fastria Mar\u00edtima Brasileira, tenho acompanhado de perto a situa\u00e7\u00e3o do estaleiro, particularmente o momento de muita dificuldade e incerteza enfrentado pelos mais de 3 mil funcion\u00e1rios que, sem receber sal\u00e1rios desde 10 de junho, est\u00e3o sendo desafiados a sustentar suas fam\u00edlias com apenas os R$ 280 do aux\u00edlio alimenta\u00e7\u00e3o.<\/p>\n<p>\u201cEm momento algum afirmei que a Frente Parlamentar \u00e9 contr\u00e1ria \u00e0 \u2018inje\u00e7\u00e3o de dinheiro p\u00fablico\u2019 para resolver a crise do estaleiro. Pelo contr\u00e1rio, at\u00e9 porque tenho a convic\u00e7\u00e3o de que nenhuma na\u00e7\u00e3o pode chegar a se desenvolver sem a a\u00e7\u00e3o indutora do Estado. Desde quando fomos acionados, articulamos o di\u00e1logo entre a Casa Civil, o Minist\u00e9rio do Desenvolvimento e a dire\u00e7\u00e3o da Caixa Econ\u00f4mica Federal com objetivo de liberar um empr\u00e9stimo que viabilize o pagamento das d\u00edvidas do Eisa, o ajuste de sua folha salarial e a inje\u00e7\u00e3o do capital de giro necess\u00e1rio para a retomada das atividades. Para que isso se concretize, falta apenas a apresenta\u00e7\u00e3o das devidas garantias pelo grupo controlador do estaleiro\u201d.<\/p>\n<p>Fonte: Monitor MercantilSergio Barreto Motta<\/p>\n","protected":false},"excerpt":{"rendered":"<p>O deputado Edson Santos (PT-RJ), presidente da Frente Parlamentar da Ind\u00fastria Mar\u00edtima, acha dif\u00edcil a volta das empresas nacionais \u00e0 navega\u00e7\u00e3o para o exterior, mas&#8230;<\/p>\n","protected":false},"author":1182,"featured_media":7066,"comment_status":"closed","ping_status":"closed","sticky":false,"template":"","format":"standard","meta":{"footnotes":""},"categories":[1],"tags":[],"class_list":["post-7292","post","type-post","status-publish","format-standard","has-post-thumbnail","hentry","category-sem-categoria"],"_links":{"self":[{"href":"https:\/\/www.sincomam.org.br\/index.php\/wp-json\/wp\/v2\/posts\/7292","targetHints":{"allow":["GET"]}}],"collection":[{"href":"https:\/\/www.sincomam.org.br\/index.php\/wp-json\/wp\/v2\/posts"}],"about":[{"href":"https:\/\/www.sincomam.org.br\/index.php\/wp-json\/wp\/v2\/types\/post"}],"author":[{"embeddable":true,"href":"https:\/\/www.sincomam.org.br\/index.php\/wp-json\/wp\/v2\/users\/1182"}],"replies":[{"embeddable":true,"href":"https:\/\/www.sincomam.org.br\/index.php\/wp-json\/wp\/v2\/comments?post=7292"}],"version-history":[{"count":1,"href":"https:\/\/www.sincomam.org.br\/index.php\/wp-json\/wp\/v2\/posts\/7292\/revisions"}],"predecessor-version":[{"id":7293,"href":"https:\/\/www.sincomam.org.br\/index.php\/wp-json\/wp\/v2\/posts\/7292\/revisions\/7293"}],"wp:featuredmedia":[{"embeddable":true,"href":"https:\/\/www.sincomam.org.br\/index.php\/wp-json\/wp\/v2\/media\/7066"}],"wp:attachment":[{"href":"https:\/\/www.sincomam.org.br\/index.php\/wp-json\/wp\/v2\/media?parent=7292"}],"wp:term":[{"taxonomy":"category","embeddable":true,"href":"https:\/\/www.sincomam.org.br\/index.php\/wp-json\/wp\/v2\/categories?post=7292"},{"taxonomy":"post_tag","embeddable":true,"href":"https:\/\/www.sincomam.org.br\/index.php\/wp-json\/wp\/v2\/tags?post=7292"}],"curies":[{"name":"wp","href":"https:\/\/api.w.org\/{rel}","templated":true}]}}