{"id":7285,"date":"2014-08-20T08:17:53","date_gmt":"2014-08-20T11:17:53","guid":{"rendered":"http:\/\/www.sincomam.org.br\/?p=7285"},"modified":"2014-08-19T22:19:01","modified_gmt":"2014-08-20T01:19:01","slug":"porto-de-suape-comeca-obras-dos-novos-patios-publicos","status":"publish","type":"post","link":"https:\/\/www.sincomam.org.br\/index.php\/porto-de-suape-comeca-obras-dos-novos-patios-publicos\/","title":{"rendered":"Porto de Suape come\u00e7a obras dos novos p\u00e1tios p\u00fablicos"},"content":{"rendered":"<p><strong><em>A obra abrange a requalifica\u00e7\u00e3o de um trecho de 250 metros, al\u00e9m da implanta\u00e7\u00e3o de uma nova via e duas rotat\u00f3rias<\/em><\/strong><\/p>\n<p>Foram iniciadas as obras de infraestrutura vi\u00e1ria para acesso aos Cais 4 e 5, bem como aos dois p\u00e1tios p\u00fablicos de ve\u00edculos. Juntos eles somam 15 hectares em \u00e1rea, sendo 5 hectares j\u00e1 conclu\u00eddos e os outros 10 em fase de constru\u00e7\u00e3o no Porto de Suape. A obra abrange a requalifica\u00e7\u00e3o de um trecho de 250 metros, al\u00e9m da implanta\u00e7\u00e3o de uma nova via com extens\u00e3o de 750 metros e duas rotat\u00f3rias. A Empertec (Empresa Pernambucana T\u00e9cnica de Engenharia e Com\u00e9rcio), vencedora da licita\u00e7\u00e3o j\u00e1 deu in\u00edcio \u00e0 fase de mobiliza\u00e7\u00e3o com a montagem do canteiro de obras. A previs\u00e3o \u00e9 que os servi\u00e7os de terraplenagem, drenagem e pavimenta\u00e7\u00e3o, sejam conclu\u00eddos em tr\u00eas meses, com investimento de R$ 2,9 milh\u00f5es.<\/p>\n<p>As obras s\u00e3o necess\u00e1rias para o funcionamento dos dois p\u00e1tios p\u00fablicos de ve\u00edculos, que est\u00e3o em constru\u00e7\u00e3o no Porto, e s\u00e3o complementares \u00e0 infraestrutura vi\u00e1ria j\u00e1 existente. Os p\u00e1tios devem entrar em opera\u00e7\u00e3o at\u00e9 o fim do ano ap\u00f3s a implanta\u00e7\u00e3o de cerca, ilumina\u00e7\u00e3o e controle de acesso para ficarem aptos ao alfandegamento. O investimento total \u00e9 de R$ 34 milh\u00f5es.<\/p>\n<p>Atualmente, a m\u00e9dia de movimenta\u00e7\u00e3o do porto \u00e9 de mil carros por m\u00eas. A expectativa \u00e9 que, com o in\u00edcio das opera\u00e7\u00f5es, a capacidade est\u00e1tica dos p\u00e1tios em funcionamento chegue a dez mil ve\u00edculos por m\u00eas e, se for considerada a m\u00e9dia de dois giros mensais, esse n\u00famero pode chegar a 20 mil carros.<\/p>\n<p>Fonte: Guia Mar\u00edtimo<\/p>\n","protected":false},"excerpt":{"rendered":"<p>A obra abrange a requalifica\u00e7\u00e3o de um trecho de 250 metros, al\u00e9m da implanta\u00e7\u00e3o de uma nova via e duas rotat\u00f3rias Foram iniciadas as obras&#8230;<\/p>\n","protected":false},"author":1182,"featured_media":0,"comment_status":"closed","ping_status":"closed","sticky":false,"template":"","format":"standard","meta":{"footnotes":""},"categories":[1],"tags":[],"class_list":["post-7285","post","type-post","status-publish","format-standard","hentry","category-sem-categoria"],"_links":{"self":[{"href":"https:\/\/www.sincomam.org.br\/index.php\/wp-json\/wp\/v2\/posts\/7285","targetHints":{"allow":["GET"]}}],"collection":[{"href":"https:\/\/www.sincomam.org.br\/index.php\/wp-json\/wp\/v2\/posts"}],"about":[{"href":"https:\/\/www.sincomam.org.br\/index.php\/wp-json\/wp\/v2\/types\/post"}],"author":[{"embeddable":true,"href":"https:\/\/www.sincomam.org.br\/index.php\/wp-json\/wp\/v2\/users\/1182"}],"replies":[{"embeddable":true,"href":"https:\/\/www.sincomam.org.br\/index.php\/wp-json\/wp\/v2\/comments?post=7285"}],"version-history":[{"count":1,"href":"https:\/\/www.sincomam.org.br\/index.php\/wp-json\/wp\/v2\/posts\/7285\/revisions"}],"predecessor-version":[{"id":7286,"href":"https:\/\/www.sincomam.org.br\/index.php\/wp-json\/wp\/v2\/posts\/7285\/revisions\/7286"}],"wp:attachment":[{"href":"https:\/\/www.sincomam.org.br\/index.php\/wp-json\/wp\/v2\/media?parent=7285"}],"wp:term":[{"taxonomy":"category","embeddable":true,"href":"https:\/\/www.sincomam.org.br\/index.php\/wp-json\/wp\/v2\/categories?post=7285"},{"taxonomy":"post_tag","embeddable":true,"href":"https:\/\/www.sincomam.org.br\/index.php\/wp-json\/wp\/v2\/tags?post=7285"}],"curies":[{"name":"wp","href":"https:\/\/api.w.org\/{rel}","templated":true}]}}