{"id":7269,"date":"2014-08-19T08:10:18","date_gmt":"2014-08-19T11:10:18","guid":{"rendered":"http:\/\/www.sincomam.org.br\/?p=7269"},"modified":"2014-08-18T23:12:45","modified_gmt":"2014-08-19T02:12:45","slug":"ogpar-diz-que-producao-em-tubarao-azul-esta-proxima-de-se-esgotar","status":"publish","type":"post","link":"https:\/\/www.sincomam.org.br\/index.php\/ogpar-diz-que-producao-em-tubarao-azul-esta-proxima-de-se-esgotar\/","title":{"rendered":"OGPar diz que produ\u00e7\u00e3o em Tubar\u00e3o Azul est\u00e1 pr\u00f3xima de se esgotar"},"content":{"rendered":"<p>A produ\u00e7\u00e3o de petr\u00f3leo do campo de Tubar\u00e3o Azul, na Bacia de Campos, est\u00e1 pr\u00f3xima do esgotamento, disse o diretor-presidente da \u00d3leo e G\u00e1s Participa\u00e7\u00f5es (OGPar, antiga OGX), Paulo Narc\u00e9lio.<\/p>\n<p>\u201cO volume recuper\u00e1vel deste campo foi estimado em 5,7 milh\u00f5es de barris, dos quais j\u00e1 extra\u00edmos 5,45 milh\u00f5es de barris. Ou seja, temos a\u00ed uma fase de Tubar\u00e3o Azul de produ\u00e7\u00e3o estimada muito pequena. Se esgota a capacidade deste campo\u201d, disse o executivo, em teleconfer\u00eancia sobre os resultados do segundo trimestre.<\/p>\n<p>Segundo ele, a produ\u00e7\u00e3o total em Tubar\u00e3o Azul no segundo trimestre foi de 367 mil barris, com m\u00e9dia de 4 mil barris\/dia.<\/p>\n<p>Considerando os n\u00fameros apresentados pelo presidente da OGPar, se mantida a m\u00e9dia de extra\u00e7\u00e3o de \u00f3leo na regi\u00e3o, a produ\u00e7\u00e3o em Tubar\u00e3o Azul se encerrar\u00e1 em oito meses.<\/p>\n<p>Narc\u00e9lio destacou ainda que a taxa di\u00e1ria de afretamento da plataforma de produ\u00e7\u00e3o e os custos de opera\u00e7\u00e3o e manuten\u00e7\u00e3o em Tubar\u00e3o Azul no segundo trimestre se mantiveram em linha com os n\u00fameros do per\u00edodo de janeiro a mar\u00e7o. No primeiro trimestre, a taxa di\u00e1ria de afretamento foi de US$ 35 mil e os custos de opera\u00e7\u00e3o e manuten\u00e7\u00e3o, de US$ 85 mil por dia.<\/p>\n<p>Fonte: Valor Econ\u00f4mico\/Rodrigo Polito<\/p>\n","protected":false},"excerpt":{"rendered":"<p>A produ\u00e7\u00e3o de petr\u00f3leo do campo de Tubar\u00e3o Azul, na Bacia de Campos, est\u00e1 pr\u00f3xima do esgotamento, disse o diretor-presidente da \u00d3leo e G\u00e1s Participa\u00e7\u00f5es&#8230;<\/p>\n","protected":false},"author":1182,"featured_media":5393,"comment_status":"closed","ping_status":"closed","sticky":false,"template":"","format":"standard","meta":{"footnotes":""},"categories":[1],"tags":[],"class_list":["post-7269","post","type-post","status-publish","format-standard","has-post-thumbnail","hentry","category-sem-categoria"],"_links":{"self":[{"href":"https:\/\/www.sincomam.org.br\/index.php\/wp-json\/wp\/v2\/posts\/7269","targetHints":{"allow":["GET"]}}],"collection":[{"href":"https:\/\/www.sincomam.org.br\/index.php\/wp-json\/wp\/v2\/posts"}],"about":[{"href":"https:\/\/www.sincomam.org.br\/index.php\/wp-json\/wp\/v2\/types\/post"}],"author":[{"embeddable":true,"href":"https:\/\/www.sincomam.org.br\/index.php\/wp-json\/wp\/v2\/users\/1182"}],"replies":[{"embeddable":true,"href":"https:\/\/www.sincomam.org.br\/index.php\/wp-json\/wp\/v2\/comments?post=7269"}],"version-history":[{"count":1,"href":"https:\/\/www.sincomam.org.br\/index.php\/wp-json\/wp\/v2\/posts\/7269\/revisions"}],"predecessor-version":[{"id":7270,"href":"https:\/\/www.sincomam.org.br\/index.php\/wp-json\/wp\/v2\/posts\/7269\/revisions\/7270"}],"wp:featuredmedia":[{"embeddable":true,"href":"https:\/\/www.sincomam.org.br\/index.php\/wp-json\/wp\/v2\/media\/5393"}],"wp:attachment":[{"href":"https:\/\/www.sincomam.org.br\/index.php\/wp-json\/wp\/v2\/media?parent=7269"}],"wp:term":[{"taxonomy":"category","embeddable":true,"href":"https:\/\/www.sincomam.org.br\/index.php\/wp-json\/wp\/v2\/categories?post=7269"},{"taxonomy":"post_tag","embeddable":true,"href":"https:\/\/www.sincomam.org.br\/index.php\/wp-json\/wp\/v2\/tags?post=7269"}],"curies":[{"name":"wp","href":"https:\/\/api.w.org\/{rel}","templated":true}]}}