{"id":7227,"date":"2014-08-18T08:20:51","date_gmt":"2014-08-18T11:20:51","guid":{"rendered":"http:\/\/www.sincomam.org.br\/?p=7227"},"modified":"2014-08-15T17:28:36","modified_gmt":"2014-08-15T20:28:36","slug":"11a-navalshore-industria-naval-brasileira-precisa-de-um-novo-modelo-de-negocios-defendem-entidades-do-setor","status":"publish","type":"post","link":"https:\/\/www.sincomam.org.br\/index.php\/11a-navalshore-industria-naval-brasileira-precisa-de-um-novo-modelo-de-negocios-defendem-entidades-do-setor\/","title":{"rendered":"11\u00aa Navalshore: Ind\u00fastria naval brasileira precisa de um novo modelo de neg\u00f3cios, defendem entidades do setor"},"content":{"rendered":"<p><em><strong>Para o Sinaval, Abenav e Abeam, as mudan\u00e7as s\u00e3o essenciais para que haja uma participa\u00e7\u00e3o concreta e eficiente da ind\u00fastria nacional<\/p>\n<p><\/strong><\/em>O Sindicato Nacional da Ind\u00fastria da Constru\u00e7\u00e3o e Repara\u00e7\u00e3o Naval e Offshore (Sinaval), a Associa\u00e7\u00e3o Brasileira das Empresas de Constru\u00e7\u00e3o Naval e Offshore (Abenav) e a Associa\u00e7\u00e3o Brasileira de Empresas de Apoio Mar\u00edtimo (Abeam) defendem a cria\u00e7\u00e3o de um novo modelo de neg\u00f3cios para que o segmento da ind\u00fastria atenda a demanda por plataformas de petr\u00f3leo previstas para os pr\u00f3ximos anos. Lideran\u00e7as das entidades fizeram manifesta\u00e7\u00e3o conjunta durante a Marintec South America &#8211; 11\u00aa Navalshore, no Centro de Conven\u00e7\u00f5es SulAmerica, no\u00a0<span class=\"ecxxn-location\">Rio de Janeiro<\/span>.<em><strong><br \/><\/strong><\/em><\/p>\n<p style=\"color: #444444;\"><span>&#8220;Precisamos de um modelo de neg\u00f3cios que possibilite a constru\u00e7\u00e3o local de um estoque de cascos de plataformas, em a\u00e7\u00e3o integrada entre estaleiros locais e internacionais&#8221;, disse\u00a0<span class=\"ecxxn-person\">Ariovaldo Rocha<\/span>, presidente Sinaval. &#8220;Isto \u00e9 necess\u00e1rio diante do desafio de atender a demanda futura por 56 novas plataformas at\u00e9 2030, com grande concentra\u00e7\u00e3o de entregas at\u00e9 2025&#8221;, acrescentou.<\/span><\/p>\n<p style=\"color: #444444;\"><span>Os estaleiros devem assumir posi\u00e7\u00e3o como contratantes l\u00edderes que mobilizam sua rede de fornecedores e de sistemas de financiamento para a constru\u00e7\u00e3o dos diversos elementos, assim como compreender que a participa\u00e7\u00e3o na alavancagem ao financiamento da produ\u00e7\u00e3o \u00e9 fundamental. &#8220;Temos o desafio de ampliar a forma\u00e7\u00e3o de m\u00e3o de obra para atuar nas 380 novas embarca\u00e7\u00f5es previstas&#8221;, disse\u00a0<span class=\"ecxxn-person\">Ronaldo Lima<\/span>, presidente da Abeam.<\/span><\/p>\n<p style=\"color: #444444;\"><span>A proposta das entidades vem ao encontro das sugest\u00f5es feitas pelas petroleiras internacionais em evento realizado em Moscou, na R\u00fassia, quando defenderam a necessidade de enfrentar a quest\u00e3o dos custos crescentes. &#8220;O foco \u00e9 a busca pela competitividade. A nossa sustentabilidade s\u00f3 vai acontecer quando isso for concreto&#8221;, afirmou Augusto Mendon\u00e7a, presidente da Abenav .<\/span><\/p>\n<p style=\"color: #444444;\"><span>Os modelos de neg\u00f3cios atualmente operantes para fornecimentos de plataformas de produ\u00e7\u00e3o de petr\u00f3leo s\u00e3o: Constru\u00e7\u00e3o total da plataforma no Brasil; Constru\u00e7\u00e3o parcial no Brasil \u2013 integra\u00e7\u00e3o de m\u00f3dulos em cascos convertidos no mercado internacional; Constru\u00e7\u00e3o local de cascos com sub-blocos e partes fornecidos por estaleiros internacionais; Contrata\u00e7\u00e3o de afretamento da plataforma integralmente constru\u00edda no mercado internacional.<\/span><\/p>\n<p style=\"color: #444444;\"><span>&#8220;Existem reuni\u00f5es e contatos sobre como conduzir solu\u00e7\u00f5es para que a constru\u00e7\u00e3o naval brasileira possa atender da melhor forma a Petrobras para cumprir metas de produ\u00e7\u00e3o de petr\u00f3leo. O Sinaval est\u00e1 totalmente empenhado nessa tarefa&#8221;, concluiu<span class=\"ecxxn-person\">Ariovaldo Rocha<\/span>.<\/span><\/p>\n<p>Fonte: Reda\u00e7\u00e3o<\/p>\n","protected":false},"excerpt":{"rendered":"<p>Para o Sinaval, Abenav e Abeam, as mudan\u00e7as s\u00e3o essenciais para que haja uma participa\u00e7\u00e3o concreta e eficiente da ind\u00fastria nacional O Sindicato Nacional da&#8230;<\/p>\n","protected":false},"author":1182,"featured_media":7026,"comment_status":"closed","ping_status":"closed","sticky":false,"template":"","format":"standard","meta":{"footnotes":""},"categories":[6],"tags":[],"class_list":["post-7227","post","type-post","status-publish","format-standard","has-post-thumbnail","hentry","category-noticias"],"_links":{"self":[{"href":"https:\/\/www.sincomam.org.br\/index.php\/wp-json\/wp\/v2\/posts\/7227","targetHints":{"allow":["GET"]}}],"collection":[{"href":"https:\/\/www.sincomam.org.br\/index.php\/wp-json\/wp\/v2\/posts"}],"about":[{"href":"https:\/\/www.sincomam.org.br\/index.php\/wp-json\/wp\/v2\/types\/post"}],"author":[{"embeddable":true,"href":"https:\/\/www.sincomam.org.br\/index.php\/wp-json\/wp\/v2\/users\/1182"}],"replies":[{"embeddable":true,"href":"https:\/\/www.sincomam.org.br\/index.php\/wp-json\/wp\/v2\/comments?post=7227"}],"version-history":[{"count":1,"href":"https:\/\/www.sincomam.org.br\/index.php\/wp-json\/wp\/v2\/posts\/7227\/revisions"}],"predecessor-version":[{"id":7228,"href":"https:\/\/www.sincomam.org.br\/index.php\/wp-json\/wp\/v2\/posts\/7227\/revisions\/7228"}],"wp:featuredmedia":[{"embeddable":true,"href":"https:\/\/www.sincomam.org.br\/index.php\/wp-json\/wp\/v2\/media\/7026"}],"wp:attachment":[{"href":"https:\/\/www.sincomam.org.br\/index.php\/wp-json\/wp\/v2\/media?parent=7227"}],"wp:term":[{"taxonomy":"category","embeddable":true,"href":"https:\/\/www.sincomam.org.br\/index.php\/wp-json\/wp\/v2\/categories?post=7227"},{"taxonomy":"post_tag","embeddable":true,"href":"https:\/\/www.sincomam.org.br\/index.php\/wp-json\/wp\/v2\/tags?post=7227"}],"curies":[{"name":"wp","href":"https:\/\/api.w.org\/{rel}","templated":true}]}}