{"id":7210,"date":"2014-08-15T08:21:04","date_gmt":"2014-08-15T11:21:04","guid":{"rendered":"http:\/\/www.sincomam.org.br\/?p=7210"},"modified":"2014-08-14T21:22:54","modified_gmt":"2014-08-15T00:22:54","slug":"suprg-desmente-rumores-de-ebola-em-rio-grande","status":"publish","type":"post","link":"https:\/\/www.sincomam.org.br\/index.php\/suprg-desmente-rumores-de-ebola-em-rio-grande\/","title":{"rendered":"Suprg desmente rumores de ebola em Rio Grande"},"content":{"rendered":"<p>A Superintend\u00eancia do Porto do Rio Grande (Suprg), juntamente com a Secretaria de Munic\u00edpio da Sa\u00fade (SMS), Vigil\u00e2ncia em Sa\u00fade e a Anvisa realizaram uma reuni\u00e3o com a imprensa no fim da tarde desta \u00faltima ter\u00e7a (12). A reuni\u00e3o teve o intuito de esclarecer sobre os rumores da exist\u00eancia de um caso de ebola em Rio Grande, que de acordo com os presentes, o suposto caso n\u00e3o passa de um engano.<\/p>\n<p>De acordo com o superintendente do Porto do Rio Grande, Dirceu Lopes, at\u00e9 o momento, n\u00e3o existem casos de ebola na Am\u00e9rica Latina. \u201cDevemos lidar com essas situa\u00e7\u00f5es com muita responsabilidade, para n\u00e3o transformar qualquer resfriado em um caos\u201d. Segundo Dirceu, um funcion\u00e1rio da \u00e1rea administrativa do Porto teria apresentado um quadro de gastroenterite, e foi a partir deste caso que os rumores foram tomando propor\u00e7\u00f5es maiores.<\/p>\n<p>O superintendente ressalta tamb\u00e9m que todos os \u00f3rg\u00e3os de entrada e sa\u00edda de pessoas, como aeroportos e portos, est\u00e3o trabalhando de forma conjunta para monitorar viajantes vindos de \u00e1reas end\u00eamicas, portanto a popula\u00e7\u00e3o n\u00e3o deve se preocupar. Ainda conforme informa\u00e7\u00f5es de Dirceu, nos \u00faltimos seis meses, apenas dois navios eram procedentes das \u00e1reas afetadas pelo ebola. \u00a0\u00a0<\/p>\n<p>A secret\u00e1ria adjunta de Munic\u00edpio de Sa\u00fade, Fernanda Freire, pede para que a popula\u00e7\u00e3o se tranquilize.\u00a0 \u201cDevemos ter em mente que mesmo que algu\u00e9m apresente algum dos sintomas da doen\u00e7a, n\u00e3o quer dizer que tenha ebola, os sintomas isolados n\u00e3o significam nada. A pessoa s\u00f3 se contaminaria com o v\u00edrus se tiver contato com fluidos corp\u00f3reos de uma pessoa que j\u00e1 apresente os sintomas do ebola [doente]\u201d.<\/p>\n<p>O chefe substituto da Anvisa em Rio Grande, Adail Umpierre, diz tamb\u00e9m que a popula\u00e7\u00e3o n\u00e3o deve se preocupar, pois existem diversos procedimentos realizados antes do aporte do navio, como a Declara\u00e7\u00e3o Mar\u00edtima de Sa\u00fade, documento assinado pelo comandante do navio, onde constam informa\u00e7\u00f5es sobre a identifica\u00e7\u00e3o da embarca\u00e7\u00e3o, os portos por onde passaram, as condi\u00e7\u00f5es de sa\u00fade dos viajantes e ainda qualquer outra informa\u00e7\u00e3o exigida pela Anvisa. Umpierre salienta tamb\u00e9m, que navios procedentes de \u00e1rea end\u00eamica recebem aten\u00e7\u00e3o especial.<\/p>\n<p>A superintendente de Vigil\u00e2ncia em Sa\u00fade, Luciane Cougo, pede para que a popula\u00e7\u00e3o procure \u00f3rg\u00e3os oficiais para sanar as d\u00favidas. Os interessados podem entrar em contato pelo telefone 3231.3456.<\/p>\n<p>Fonte: Jornal Agora (RS)Esther Louro<\/p>\n","protected":false},"excerpt":{"rendered":"<p>A Superintend\u00eancia do Porto do Rio Grande (Suprg), juntamente com a Secretaria de Munic\u00edpio da Sa\u00fade (SMS), Vigil\u00e2ncia em Sa\u00fade e a Anvisa realizaram uma&#8230;<\/p>\n","protected":false},"author":1182,"featured_media":5708,"comment_status":"closed","ping_status":"closed","sticky":false,"template":"","format":"standard","meta":{"footnotes":""},"categories":[6],"tags":[],"class_list":["post-7210","post","type-post","status-publish","format-standard","has-post-thumbnail","hentry","category-noticias"],"_links":{"self":[{"href":"https:\/\/www.sincomam.org.br\/index.php\/wp-json\/wp\/v2\/posts\/7210","targetHints":{"allow":["GET"]}}],"collection":[{"href":"https:\/\/www.sincomam.org.br\/index.php\/wp-json\/wp\/v2\/posts"}],"about":[{"href":"https:\/\/www.sincomam.org.br\/index.php\/wp-json\/wp\/v2\/types\/post"}],"author":[{"embeddable":true,"href":"https:\/\/www.sincomam.org.br\/index.php\/wp-json\/wp\/v2\/users\/1182"}],"replies":[{"embeddable":true,"href":"https:\/\/www.sincomam.org.br\/index.php\/wp-json\/wp\/v2\/comments?post=7210"}],"version-history":[{"count":1,"href":"https:\/\/www.sincomam.org.br\/index.php\/wp-json\/wp\/v2\/posts\/7210\/revisions"}],"predecessor-version":[{"id":7211,"href":"https:\/\/www.sincomam.org.br\/index.php\/wp-json\/wp\/v2\/posts\/7210\/revisions\/7211"}],"wp:featuredmedia":[{"embeddable":true,"href":"https:\/\/www.sincomam.org.br\/index.php\/wp-json\/wp\/v2\/media\/5708"}],"wp:attachment":[{"href":"https:\/\/www.sincomam.org.br\/index.php\/wp-json\/wp\/v2\/media?parent=7210"}],"wp:term":[{"taxonomy":"category","embeddable":true,"href":"https:\/\/www.sincomam.org.br\/index.php\/wp-json\/wp\/v2\/categories?post=7210"},{"taxonomy":"post_tag","embeddable":true,"href":"https:\/\/www.sincomam.org.br\/index.php\/wp-json\/wp\/v2\/tags?post=7210"}],"curies":[{"name":"wp","href":"https:\/\/api.w.org\/{rel}","templated":true}]}}