{"id":7189,"date":"2014-08-14T08:36:00","date_gmt":"2014-08-14T11:36:00","guid":{"rendered":"http:\/\/www.sincomam.org.br\/?p=7189"},"modified":"2014-08-14T08:36:00","modified_gmt":"2014-08-14T11:36:00","slug":"eduardo-campos-morre-em-santos-apos-queda-do-aviao-em-que-viajava","status":"publish","type":"post","link":"https:\/\/www.sincomam.org.br\/index.php\/eduardo-campos-morre-em-santos-apos-queda-do-aviao-em-que-viajava\/","title":{"rendered":"Eduardo Campos morre em Santos ap\u00f3s queda do avi\u00e3o em que viajava"},"content":{"rendered":"<p><strong><em>Jato caiu sobre casas em um bairro residencial da cidade, no litoral paulista. Presidenci\u00e1vel do PSB tinha viajado para cumprir agenda de campanha<\/p>\n<p><\/em><\/strong>O candidato a presidente do PSB, o ex-governador de Pernambuco Eduardo Campos, morreu na manh\u00e3 desta quarta-feira (13), ap\u00f3s a queda do jato particular em que viajava em um bairro residencial em Santos, no litoral paulista. Ele tinha completado 49 anos no \u00faltimo domingo.<\/p>\n<p>Chovia no momento do acidente. A Aeron\u00e1utica informou em nota que o avi\u00e3o decolou do aeroporto Santos Dumont, no Rio de Janeiro, com destino ao aeroporto de Guaruj\u00e1 (SP). &#8220;Quando se preparava para pouso, o avi\u00e3o arremeteu devido ao mau tempo. Em seguida, o controle de tr\u00e1fego a\u00e9reo perdeu contato com a aeronave&#8221;, informou a nota.<\/p>\n<p>Moradores disseram ter visto uma bola de fogo no c\u00e9u. Os destro\u00e7os atingiram resid\u00eancias do bairro. Seis v\u00edtimas do acidente que moravam na \u00e1rea onde caiu o avi\u00e3o foram para a Santa Casa de Santos, entre elas duas crian\u00e7as, duas mulheres e uma idosa. Segundo o hospital, todos passam bem.<\/p>\n<p>Campos tinha uma programa\u00e7\u00e3o de campanha em Santos nesta quarta. De acordo com a assessoria do candidato, ele participaria \u00e0s 8h, \u00e0s 9h30 e \u00e0s 14h30 de entrevistas a emissoras de televis\u00e3o locais. \u00c0s 10h30, concederia uma entrevista coletiva \u00e0s 12h30 participaria de um semin\u00e1rio sobre o Porto de Santos.<\/p>\n<p>A bordo da aeronave (veja como foi a queda do avi\u00e3o), estavam sete pessoas, das quais cinco passageiros (entre eles Campos) e dois tripulantes. Veja a lista dos mortos:<\/p>\n<p>&#8211; Eduardo Campos, candidado \u00e0 Presid\u00eancia;<\/p>\n<p>&#8211; Alexandre Severo e Silva, fot\u00f3grafo;<\/p>\n<p>&#8211; Carlos Augusto Leal Filho (Percol), assessor;<\/p>\n<p>&#8211; Geraldo Magela Barbosa da Cunha, piloto;<\/p>\n<p>&#8211; Marcos Martins, piloto;<\/p>\n<p>&#8211; Pedro Valadares Neto;<\/p>\n<p>&#8211; Marcelo de Oliveira Lyra.<\/p>\n<p><strong>Investiga\u00e7\u00e3o<\/strong><\/p>\n<p>A Pol\u00edcia Federal abriu inqu\u00e9rito para investigar o motivo do acidente. A PF enviou seis peritos para Santos a fim de trabalhar na apura\u00e7\u00e3o do caso. Aeron\u00e1utica e Pol\u00edcia Civil tamb\u00e9m v\u00e3o investigar.<\/p>\n<p>Nove anos antes, em 2005, no mesmo dia (13 de agosto), morreu o av\u00f4 do presidenci\u00e1vel, Miguel Arrais, de quem Campos era herdeiro pol\u00edtico.<\/p>\n<p>Campos deixou o governo de Pernambuco em abril deste ano para concorrer \u00e0 Presid\u00eancia da Rep\u00fablica.<\/p>\n<p>Segundo a mais recente pesquisa de inten\u00e7\u00e3o de voto do Ibope, divulgada no \u00faltimo dia 7, ele tinha 9% das inten\u00e7\u00f5es de voto, atr\u00e1s de Dilma, com 38%, e A\u00e9cio, com 23%.<\/p>\n<p>De acordo com a legisla\u00e7\u00e3o eleitoral, o PSB poder\u00e1 registrar em at\u00e9 dez dias outro candidato para substituir Eduardo Campos na disputa pela Presid\u00eancia da Rep\u00fablica.<\/p>\n<p>A morte de Eduardo Campos repercutiu de imediato no mundo pol\u00edtico.<\/p>\n<p>Fonte: O Globo<\/p>\n<p>Foto: PSB<\/p>\n","protected":false},"excerpt":{"rendered":"<p>Jato caiu sobre casas em um bairro residencial da cidade, no litoral paulista. Presidenci\u00e1vel do PSB tinha viajado para cumprir agenda de campanha O candidato&#8230;<\/p>\n","protected":false},"author":1182,"featured_media":7190,"comment_status":"closed","ping_status":"closed","sticky":false,"template":"","format":"standard","meta":{"footnotes":""},"categories":[6],"tags":[],"class_list":["post-7189","post","type-post","status-publish","format-standard","has-post-thumbnail","hentry","category-noticias"],"_links":{"self":[{"href":"https:\/\/www.sincomam.org.br\/index.php\/wp-json\/wp\/v2\/posts\/7189","targetHints":{"allow":["GET"]}}],"collection":[{"href":"https:\/\/www.sincomam.org.br\/index.php\/wp-json\/wp\/v2\/posts"}],"about":[{"href":"https:\/\/www.sincomam.org.br\/index.php\/wp-json\/wp\/v2\/types\/post"}],"author":[{"embeddable":true,"href":"https:\/\/www.sincomam.org.br\/index.php\/wp-json\/wp\/v2\/users\/1182"}],"replies":[{"embeddable":true,"href":"https:\/\/www.sincomam.org.br\/index.php\/wp-json\/wp\/v2\/comments?post=7189"}],"version-history":[{"count":1,"href":"https:\/\/www.sincomam.org.br\/index.php\/wp-json\/wp\/v2\/posts\/7189\/revisions"}],"predecessor-version":[{"id":7191,"href":"https:\/\/www.sincomam.org.br\/index.php\/wp-json\/wp\/v2\/posts\/7189\/revisions\/7191"}],"wp:featuredmedia":[{"embeddable":true,"href":"https:\/\/www.sincomam.org.br\/index.php\/wp-json\/wp\/v2\/media\/7190"}],"wp:attachment":[{"href":"https:\/\/www.sincomam.org.br\/index.php\/wp-json\/wp\/v2\/media?parent=7189"}],"wp:term":[{"taxonomy":"category","embeddable":true,"href":"https:\/\/www.sincomam.org.br\/index.php\/wp-json\/wp\/v2\/categories?post=7189"},{"taxonomy":"post_tag","embeddable":true,"href":"https:\/\/www.sincomam.org.br\/index.php\/wp-json\/wp\/v2\/tags?post=7189"}],"curies":[{"name":"wp","href":"https:\/\/api.w.org\/{rel}","templated":true}]}}