{"id":7166,"date":"2014-08-13T08:17:58","date_gmt":"2014-08-13T11:17:58","guid":{"rendered":"http:\/\/www.sincomam.org.br\/?p=7166"},"modified":"2014-08-12T23:20:33","modified_gmt":"2014-08-13T02:20:33","slug":"comeca-realinhamento-e-reforco-dos-bercos-do-porto-do-itaqui","status":"publish","type":"post","link":"https:\/\/www.sincomam.org.br\/index.php\/comeca-realinhamento-e-reforco-dos-bercos-do-porto-do-itaqui\/","title":{"rendered":"Come\u00e7a realinhamento e refor\u00e7o dos ber\u00e7os do Porto do Itaqui"},"content":{"rendered":"<p><strong><em>Ber\u00e7os 3 e 4 ser\u00e3o refor\u00e7ados para receber grandes cargueiros<\/em><\/strong><\/p>\n<p>A construtora Serveng Civilsan, j\u00e1 cravou a primeira estaca tubular de sustenta\u00e7\u00e3o ao novo cais do Porto de Itaqui. A empresa foi a vencedora do processo licitat\u00f3rio para as obras de refor\u00e7o e realinhamento dos ber\u00e7os 3 e 4 do porto.<\/p>\n<p>Com aproximadamente 50 metros de profundidade, \u00e0 estaca teste servir\u00e1 agora como guia para a crava\u00e7\u00e3o das demais estacas de sustenta\u00e7\u00e3o. Em paralelo, a construtora d\u00e1 continuidade aos servi\u00e7os de limpeza e retirada de escombros subaqu\u00e1ticos da \u00e1rea da obra.<\/p>\n<p>O superintendente do Porto de Itaja\u00ed, engenheiro Antonio Ayres dos Santos J\u00fanior, informou que al\u00e9m do refor\u00e7o do cais os dois ber\u00e7os ser\u00e3o alinhados, o que possibilitar\u00e1 que grandes navios atraquem no local.<\/p>\n<p>Com a obra, a Secretaria de Portos da Presid\u00eancia da Rep\u00fablica prepara os dois ber\u00e7os para serem arrendados pela iniciativa privada, conforme determina a Lei 12.814, de 2013 e que disp\u00f5e sobre a explora\u00e7\u00e3o direta e indireta pela Uni\u00e3o de portos e instala\u00e7\u00f5es portu\u00e1rias e sobre as atividades desempenhadas pelos operadores portu\u00e1rios.<\/p>\n<p>Fonte: Guia Mar\u00edtimo<\/p>\n","protected":false},"excerpt":{"rendered":"<p>Ber\u00e7os 3 e 4 ser\u00e3o refor\u00e7ados para receber grandes cargueiros A construtora Serveng Civilsan, j\u00e1 cravou a primeira estaca tubular de sustenta\u00e7\u00e3o ao novo cais&#8230;<\/p>\n","protected":false},"author":1182,"featured_media":3306,"comment_status":"closed","ping_status":"closed","sticky":false,"template":"","format":"standard","meta":{"footnotes":""},"categories":[6],"tags":[],"class_list":["post-7166","post","type-post","status-publish","format-standard","has-post-thumbnail","hentry","category-noticias"],"_links":{"self":[{"href":"https:\/\/www.sincomam.org.br\/index.php\/wp-json\/wp\/v2\/posts\/7166","targetHints":{"allow":["GET"]}}],"collection":[{"href":"https:\/\/www.sincomam.org.br\/index.php\/wp-json\/wp\/v2\/posts"}],"about":[{"href":"https:\/\/www.sincomam.org.br\/index.php\/wp-json\/wp\/v2\/types\/post"}],"author":[{"embeddable":true,"href":"https:\/\/www.sincomam.org.br\/index.php\/wp-json\/wp\/v2\/users\/1182"}],"replies":[{"embeddable":true,"href":"https:\/\/www.sincomam.org.br\/index.php\/wp-json\/wp\/v2\/comments?post=7166"}],"version-history":[{"count":1,"href":"https:\/\/www.sincomam.org.br\/index.php\/wp-json\/wp\/v2\/posts\/7166\/revisions"}],"predecessor-version":[{"id":7167,"href":"https:\/\/www.sincomam.org.br\/index.php\/wp-json\/wp\/v2\/posts\/7166\/revisions\/7167"}],"wp:featuredmedia":[{"embeddable":true,"href":"https:\/\/www.sincomam.org.br\/index.php\/wp-json\/wp\/v2\/media\/3306"}],"wp:attachment":[{"href":"https:\/\/www.sincomam.org.br\/index.php\/wp-json\/wp\/v2\/media?parent=7166"}],"wp:term":[{"taxonomy":"category","embeddable":true,"href":"https:\/\/www.sincomam.org.br\/index.php\/wp-json\/wp\/v2\/categories?post=7166"},{"taxonomy":"post_tag","embeddable":true,"href":"https:\/\/www.sincomam.org.br\/index.php\/wp-json\/wp\/v2\/tags?post=7166"}],"curies":[{"name":"wp","href":"https:\/\/api.w.org\/{rel}","templated":true}]}}