{"id":7164,"date":"2014-08-13T08:05:24","date_gmt":"2014-08-13T11:05:24","guid":{"rendered":"http:\/\/www.sincomam.org.br\/?p=7164"},"modified":"2014-08-12T22:56:44","modified_gmt":"2014-08-13T01:56:44","slug":"justica-suspende-assembleia-de-credores-da-osx-desta-semana","status":"publish","type":"post","link":"https:\/\/www.sincomam.org.br\/index.php\/justica-suspende-assembleia-de-credores-da-osx-desta-semana\/","title":{"rendered":"Justi\u00e7a suspende assembleia de credores da OSX desta semana"},"content":{"rendered":"<p>O juiz da 3\u00aa Vara Empresarial do Tribunal de Justi\u00e7a do Rio de Janeiro, Gilberto Cl\u00f3vis Farias Matos, suspendeu a realiza\u00e7\u00e3o da assembleia de credores das empresas da OSX, grupo de constru\u00e7\u00e3o naval da holding EBX, de Eike Batista, que est\u00e3o em recupera\u00e7\u00e3o judicial.<\/p>\n<p>Em decis\u00e3o publicada hoje, o juiz suspendeu as reuni\u00f5es dos credores da OSX Brasil, OSX Constru\u00e7\u00e3o Naval e OSX Servi\u00e7os Operacionais. As tr\u00eas assembleias estavam marcadas para esta quinta-feira (14).<\/p>\n<p>\u201cAs assembleias gerais de credores ser\u00e3o redesignadas para novas datas, a serem oportunamente informadas aos credores por meio de publica\u00e7\u00e3o de novo edital\u201d, informou o juiz em sua decis\u00e3o.<\/p>\n<p>Segundo uma fonte informou que, o juiz acatou o pleito da OSX de apresentar um plano de recupera\u00e7\u00e3o \u00fanico para as tr\u00eas empresas. Nesse caso, haver\u00e1 uma lista \u00fanica de credores. Estes ainda poder\u00e3o entrar com recurso contra a decis\u00e3o do juiz.<\/p>\n<p>Fonte: Valor Econ\u00f4micoRodrigo PolitoJonathan Alcorn\/Bloomberg<\/p>\n","protected":false},"excerpt":{"rendered":"<p>O juiz da 3\u00aa Vara Empresarial do Tribunal de Justi\u00e7a do Rio de Janeiro, Gilberto Cl\u00f3vis Farias Matos, suspendeu a realiza\u00e7\u00e3o da assembleia de credores&#8230;<\/p>\n","protected":false},"author":1182,"featured_media":7014,"comment_status":"closed","ping_status":"closed","sticky":false,"template":"","format":"standard","meta":{"footnotes":""},"categories":[6],"tags":[],"class_list":["post-7164","post","type-post","status-publish","format-standard","has-post-thumbnail","hentry","category-noticias"],"_links":{"self":[{"href":"https:\/\/www.sincomam.org.br\/index.php\/wp-json\/wp\/v2\/posts\/7164","targetHints":{"allow":["GET"]}}],"collection":[{"href":"https:\/\/www.sincomam.org.br\/index.php\/wp-json\/wp\/v2\/posts"}],"about":[{"href":"https:\/\/www.sincomam.org.br\/index.php\/wp-json\/wp\/v2\/types\/post"}],"author":[{"embeddable":true,"href":"https:\/\/www.sincomam.org.br\/index.php\/wp-json\/wp\/v2\/users\/1182"}],"replies":[{"embeddable":true,"href":"https:\/\/www.sincomam.org.br\/index.php\/wp-json\/wp\/v2\/comments?post=7164"}],"version-history":[{"count":1,"href":"https:\/\/www.sincomam.org.br\/index.php\/wp-json\/wp\/v2\/posts\/7164\/revisions"}],"predecessor-version":[{"id":7165,"href":"https:\/\/www.sincomam.org.br\/index.php\/wp-json\/wp\/v2\/posts\/7164\/revisions\/7165"}],"wp:featuredmedia":[{"embeddable":true,"href":"https:\/\/www.sincomam.org.br\/index.php\/wp-json\/wp\/v2\/media\/7014"}],"wp:attachment":[{"href":"https:\/\/www.sincomam.org.br\/index.php\/wp-json\/wp\/v2\/media?parent=7164"}],"wp:term":[{"taxonomy":"category","embeddable":true,"href":"https:\/\/www.sincomam.org.br\/index.php\/wp-json\/wp\/v2\/categories?post=7164"},{"taxonomy":"post_tag","embeddable":true,"href":"https:\/\/www.sincomam.org.br\/index.php\/wp-json\/wp\/v2\/tags?post=7164"}],"curies":[{"name":"wp","href":"https:\/\/api.w.org\/{rel}","templated":true}]}}