{"id":7153,"date":"2014-08-12T08:24:27","date_gmt":"2014-08-12T11:24:27","guid":{"rendered":"http:\/\/www.sincomam.org.br\/?p=7153"},"modified":"2014-08-11T21:30:26","modified_gmt":"2014-08-12T00:30:26","slug":"porto-novo-do-rio-grande-tera-mais-1-125m","status":"publish","type":"post","link":"https:\/\/www.sincomam.org.br\/index.php\/porto-novo-do-rio-grande-tera-mais-1-125m\/","title":{"rendered":"Porto Novo do Rio Grande ter\u00e1 mais 1.125m"},"content":{"rendered":"<p>Foi assinada na \u00faltima quarta-feira, 06 de agosto, a Ordem de Servi\u00e7o (OS) para execu\u00e7\u00e3o da segunda etapa das obras de moderniza\u00e7\u00e3o do cais p\u00fablico do Porto Novo do Rio Grande (RS). Ser\u00e3o investidos R$ 97,1 milh\u00f5es para a constru\u00e7\u00e3o de 1.125 metros de cais, o que permitir\u00e1 o aumento da capacidade instalada. Na primeira etapa, realizada h\u00e1 dez anos, foram constru\u00eddos 450 metros, com recursos do Governo do Estado.<\/p>\n<p>O secret\u00e1rio de Infraestrutura da Secretaria de Portos, Tiago Correia, participou da solenidade de assinatura, al\u00e9m do superintendente do Porto de Rio Grande, Dirceu Lopes. A CEJEN Engenharia LTDA executar\u00e1 o servi\u00e7o, com prazo de dois anos.<\/p>\n<p>A obra faz parte do Programa de Acelera\u00e7\u00e3o do Crescimento (PAC) e dotar\u00e1 o porto de estrutura para recepcionar at\u00e9 quatro navios ao mesmo tempo na \u00e1rea denominada de Porto Novo.Com o alinhamento, a largura do cais aumentar\u00e1 em 11,20 metros proporcionando a instala\u00e7\u00e3o de equipamentos modernos, aptos a operar navios graneleiros e porta cont\u00eaineres de grande porte.<\/p>\n<p>Em 2013, o Porto do Rio Grande movimentou 33.248.729 toneladas de cargas, um acrescimento de 20% na compara\u00e7\u00e3o com o ano anterior. No 1\u00ba semestre de 2014, atingiu o recorde de 17.991.160 toneladas movimentadas. Este foi o melhor resultado da s\u00e9rie hist\u00f3rica (2006 \u2013 2014), visto que a maior movimenta\u00e7\u00e3o at\u00e9 ent\u00e3o registrada, foi no 1\u00ba semestre de 2013.<\/p>\n<p>O alinhamento do cais p\u00fablico do Porto Novo do Rio Grande, que est\u00e1 entre os quatro portos organizados que mais movimentam cargas, ser\u00e1 a primeira obra a ser executada diretamente pela Secretaria de Portos. Nas demais obras, a secretaria repassa os recursos para os portos, seja por meio de Aumento da Participa\u00e7\u00e3o da Uni\u00e3o no Capital (denominado PUC \u2013 instrumento destinado exclusivamente para as Companhias Docas) seja por Termo de Compromisso (transfer\u00eancia obrigat\u00f3ria).<\/p>\n<p>Fonte: Secretaria de Portos &#8211; SEP\/PR<\/p>\n","protected":false},"excerpt":{"rendered":"<p>Foi assinada na \u00faltima quarta-feira, 06 de agosto, a Ordem de Servi\u00e7o (OS) para execu\u00e7\u00e3o da segunda etapa das obras de moderniza\u00e7\u00e3o do cais p\u00fablico&#8230;<\/p>\n","protected":false},"author":1182,"featured_media":0,"comment_status":"closed","ping_status":"closed","sticky":false,"template":"","format":"standard","meta":{"footnotes":""},"categories":[6],"tags":[],"class_list":["post-7153","post","type-post","status-publish","format-standard","hentry","category-noticias"],"_links":{"self":[{"href":"https:\/\/www.sincomam.org.br\/index.php\/wp-json\/wp\/v2\/posts\/7153","targetHints":{"allow":["GET"]}}],"collection":[{"href":"https:\/\/www.sincomam.org.br\/index.php\/wp-json\/wp\/v2\/posts"}],"about":[{"href":"https:\/\/www.sincomam.org.br\/index.php\/wp-json\/wp\/v2\/types\/post"}],"author":[{"embeddable":true,"href":"https:\/\/www.sincomam.org.br\/index.php\/wp-json\/wp\/v2\/users\/1182"}],"replies":[{"embeddable":true,"href":"https:\/\/www.sincomam.org.br\/index.php\/wp-json\/wp\/v2\/comments?post=7153"}],"version-history":[{"count":1,"href":"https:\/\/www.sincomam.org.br\/index.php\/wp-json\/wp\/v2\/posts\/7153\/revisions"}],"predecessor-version":[{"id":7154,"href":"https:\/\/www.sincomam.org.br\/index.php\/wp-json\/wp\/v2\/posts\/7153\/revisions\/7154"}],"wp:attachment":[{"href":"https:\/\/www.sincomam.org.br\/index.php\/wp-json\/wp\/v2\/media?parent=7153"}],"wp:term":[{"taxonomy":"category","embeddable":true,"href":"https:\/\/www.sincomam.org.br\/index.php\/wp-json\/wp\/v2\/categories?post=7153"},{"taxonomy":"post_tag","embeddable":true,"href":"https:\/\/www.sincomam.org.br\/index.php\/wp-json\/wp\/v2\/tags?post=7153"}],"curies":[{"name":"wp","href":"https:\/\/api.w.org\/{rel}","templated":true}]}}