{"id":7127,"date":"2014-08-11T08:48:02","date_gmt":"2014-08-11T11:48:02","guid":{"rendered":"http:\/\/www.sincomam.org.br\/?p=7127"},"modified":"2014-08-08T14:51:40","modified_gmt":"2014-08-08T17:51:40","slug":"navio-anfibio-americano-de-ultima-geracao-visita-rio-de-janeiro","status":"publish","type":"post","link":"https:\/\/www.sincomam.org.br\/index.php\/navio-anfibio-americano-de-ultima-geracao-visita-rio-de-janeiro\/","title":{"rendered":"Navio anf\u00edbio americano de \u00faltima gera\u00e7\u00e3o visita Rio de Janeiro"},"content":{"rendered":"<p>O navio de assalto anf\u00edbio USS America (LHA6), uma das mais modernas embarca\u00e7\u00f5es da marinha dos Estados Unidos e que chegou ontem ao Rio de Janeiro, abriu suas portas \u00e0 imprensa nesta quarta-feira para uma visita guiada em que foram exibidos alguns dos armamentos e aeronaves de que disp\u00f5e.<\/p>\n<p>O USS America, que conta com 1.400 homens a bordo, faz sua viagem inaugural e atracou no Rio ap\u00f3s passar por Cartagena das \u00cdndias, na Col\u00f4mbia. O navio zarpou no dia 11 de julho em Mississipi, e far\u00e1 sua \u00faltima parada no dia 15 de setembro em San Diego, na Calif\u00f3rnia, onde fica sua base.<\/p>\n<p>A viagem, intitulada \u201cAmerica visita as Am\u00e9ricas\u201d,<span>\u00a0<\/span>visa<span>\u00a0<\/span>refor\u00e7ar a parceria entre as marinhas do Brasil e dos EUA, melhorar a seguran\u00e7a mar\u00edtima e a ajuda humanit\u00e1ria, segundo um comunicado divulgado pelo comandante da embarca\u00e7\u00e3o.<\/p>\n<p>Durante sua estadia no Rio de Janeiro, a tripula\u00e7\u00e3o do USS America vai participar de atividades com militares brasileiros e far\u00e1 trabalhos comunit\u00e1rios.<\/p>\n<p>Al\u00e9m de contar com helic\u00f3pteros Seahawk, o navio pode receber ca\u00e7as F-35B e a nova gera\u00e7\u00e3o de aeronaves com rotores MV-22 Osprey, que combina as vantagens da decolagem vertical dos helic\u00f3pteros com as altas velocidades e a autonomia de voo dos avi\u00f5es. O USS America tem 257 metros de comprimento, 57 metros de largura e pode navegar a uma velocidade m\u00e1xima de 20 n\u00f3s (37 quil\u00f4metros por hora).<\/p>\n<p>Segundo o contra-almirante do USS America, Frank L. Ponds, a nova embarca\u00e7\u00e3o participou de uma campanha contra o narcotr\u00e1fico na Col\u00f4mbia, de uma miss\u00e3o em Guant\u00e1namo e em outra em Trinidad Tobago.<\/p>\n<p>Fonte:<strong> <\/strong>EFE \/UOL<\/p>\n","protected":false},"excerpt":{"rendered":"<p>O navio de assalto anf\u00edbio USS America (LHA6), uma das mais modernas embarca\u00e7\u00f5es da marinha dos Estados Unidos e que chegou ontem ao Rio de&#8230;<\/p>\n","protected":false},"author":1182,"featured_media":7128,"comment_status":"closed","ping_status":"closed","sticky":false,"template":"","format":"standard","meta":{"footnotes":""},"categories":[6],"tags":[],"class_list":["post-7127","post","type-post","status-publish","format-standard","has-post-thumbnail","hentry","category-noticias"],"_links":{"self":[{"href":"https:\/\/www.sincomam.org.br\/index.php\/wp-json\/wp\/v2\/posts\/7127","targetHints":{"allow":["GET"]}}],"collection":[{"href":"https:\/\/www.sincomam.org.br\/index.php\/wp-json\/wp\/v2\/posts"}],"about":[{"href":"https:\/\/www.sincomam.org.br\/index.php\/wp-json\/wp\/v2\/types\/post"}],"author":[{"embeddable":true,"href":"https:\/\/www.sincomam.org.br\/index.php\/wp-json\/wp\/v2\/users\/1182"}],"replies":[{"embeddable":true,"href":"https:\/\/www.sincomam.org.br\/index.php\/wp-json\/wp\/v2\/comments?post=7127"}],"version-history":[{"count":1,"href":"https:\/\/www.sincomam.org.br\/index.php\/wp-json\/wp\/v2\/posts\/7127\/revisions"}],"predecessor-version":[{"id":7129,"href":"https:\/\/www.sincomam.org.br\/index.php\/wp-json\/wp\/v2\/posts\/7127\/revisions\/7129"}],"wp:featuredmedia":[{"embeddable":true,"href":"https:\/\/www.sincomam.org.br\/index.php\/wp-json\/wp\/v2\/media\/7128"}],"wp:attachment":[{"href":"https:\/\/www.sincomam.org.br\/index.php\/wp-json\/wp\/v2\/media?parent=7127"}],"wp:term":[{"taxonomy":"category","embeddable":true,"href":"https:\/\/www.sincomam.org.br\/index.php\/wp-json\/wp\/v2\/categories?post=7127"},{"taxonomy":"post_tag","embeddable":true,"href":"https:\/\/www.sincomam.org.br\/index.php\/wp-json\/wp\/v2\/tags?post=7127"}],"curies":[{"name":"wp","href":"https:\/\/api.w.org\/{rel}","templated":true}]}}