{"id":7123,"date":"2014-08-11T08:38:45","date_gmt":"2014-08-11T11:38:45","guid":{"rendered":"http:\/\/www.sincomam.org.br\/?p=7123"},"modified":"2014-08-08T14:42:52","modified_gmt":"2014-08-08T17:42:52","slug":"porto-de-itajai-treina-brigada-de-incendio","status":"publish","type":"post","link":"https:\/\/www.sincomam.org.br\/index.php\/porto-de-itajai-treina-brigada-de-incendio\/","title":{"rendered":"Porto de Itaja\u00ed treina Brigada de Inc\u00eandio"},"content":{"rendered":"<p>A\u00e7\u00f5es de preven\u00e7\u00e3o de inc\u00eandios e treinamento espec\u00edfico para capacitar os servidores a agirem em casos de sinistros foram repassadas a cerca de 80 servidores da Guarda Portu\u00e1ria, Ger\u00eancia de Opera\u00e7\u00f5es e de setores administrativos que comp\u00f5em a Brigada de Inc\u00eandio, em curso realizado pela Superintend\u00eancia do Porto de Itaja\u00ed na \u00faltima semana de julho. Os treinamentos foram coordenados pela Ger\u00eancia de Meio Ambiente do Porto de Itaja\u00ed.<\/p>\n<p>\u201cOs treinamentos ocorreram de 21 a 29 de julho em dois turnos \u2013 manh\u00e3 e tarde \u2013 para que todos os funcion\u00e1rios tivessem a oportunidade de participar das PALESTRAS, aulas te\u00f3ricas e pr\u00e1ticas\u201d, explica a gerente de Meio Ambiente do Porto de Itaja\u00ed, Medelin Pitrez dos Santos. A engenheira ambiental acrescenta que o conte\u00fado do treinamento abrangeu a capacita\u00e7\u00e3o da Brigada de Inc\u00eandio e a implementa\u00e7\u00e3o de um Sistema Preventivo Contra Inc\u00eandio. \u201cAl\u00e9m de ter contado tamb\u00e9m com no\u00e7\u00f5es de combate a inc\u00eandio e primeiros socorros.\u201d<\/p>\n<p>O ponto alto do curso ficou por conta das aulas pr\u00e1ticas, que contaram com um simulados de evacua\u00e7\u00e3o de \u00e1rea no pr\u00e9dio administrativo do Porto (Superintend\u00eancia), a fim de testar o sistema de alarme do pr\u00e9dio, bem como a aplica\u00e7\u00e3o dos conhecimentos adquiridos durante as aulas te\u00f3ricas pelos participantes, na simula\u00e7\u00e3o de uma eventual evacua\u00e7\u00e3o do pr\u00e9dio pelas pessoas que trabalham no local em caso de inc\u00eandio\/emerg\u00eancia. A outra parte do treinamento pr\u00e1tico foi realizada no campus do Instituto Federal Catarinense (IFC), na cidade vizinha de Cambori\u00fa.<\/p>\n<p>O superintendente do Porto de Itaja\u00ed, engenheiro Antonio Ayres dos Santos J\u00fanior, destaca a import\u00e2ncia do treinamento, assim como do engajamento dos servidores ao curso realizado. \u201cA\u00e7\u00f5es como essas s\u00e3o muito importantes para a qualidade dos trabalhos desenvolvidos no Porto de Itaja\u00ed e o engajamento dos trabalhadores nos d\u00e1 a seguran\u00e7a de que eles est\u00e3o aptos a atuar junto com demais \u00f3rg\u00e3os na defesa do Porto, que \u00e9 nosso maior patrim\u00f4nio\u201d, diz o superintendente.<\/p>\n<p>Fonte: Revista Portu\u00e1ria<\/p>\n","protected":false},"excerpt":{"rendered":"<p>A\u00e7\u00f5es de preven\u00e7\u00e3o de inc\u00eandios e treinamento espec\u00edfico para capacitar os servidores a agirem em casos de sinistros foram repassadas a cerca de 80 servidores&#8230;<\/p>\n","protected":false},"author":1182,"featured_media":6990,"comment_status":"closed","ping_status":"closed","sticky":false,"template":"","format":"standard","meta":{"footnotes":""},"categories":[6],"tags":[],"class_list":["post-7123","post","type-post","status-publish","format-standard","has-post-thumbnail","hentry","category-noticias"],"_links":{"self":[{"href":"https:\/\/www.sincomam.org.br\/index.php\/wp-json\/wp\/v2\/posts\/7123","targetHints":{"allow":["GET"]}}],"collection":[{"href":"https:\/\/www.sincomam.org.br\/index.php\/wp-json\/wp\/v2\/posts"}],"about":[{"href":"https:\/\/www.sincomam.org.br\/index.php\/wp-json\/wp\/v2\/types\/post"}],"author":[{"embeddable":true,"href":"https:\/\/www.sincomam.org.br\/index.php\/wp-json\/wp\/v2\/users\/1182"}],"replies":[{"embeddable":true,"href":"https:\/\/www.sincomam.org.br\/index.php\/wp-json\/wp\/v2\/comments?post=7123"}],"version-history":[{"count":1,"href":"https:\/\/www.sincomam.org.br\/index.php\/wp-json\/wp\/v2\/posts\/7123\/revisions"}],"predecessor-version":[{"id":7124,"href":"https:\/\/www.sincomam.org.br\/index.php\/wp-json\/wp\/v2\/posts\/7123\/revisions\/7124"}],"wp:featuredmedia":[{"embeddable":true,"href":"https:\/\/www.sincomam.org.br\/index.php\/wp-json\/wp\/v2\/media\/6990"}],"wp:attachment":[{"href":"https:\/\/www.sincomam.org.br\/index.php\/wp-json\/wp\/v2\/media?parent=7123"}],"wp:term":[{"taxonomy":"category","embeddable":true,"href":"https:\/\/www.sincomam.org.br\/index.php\/wp-json\/wp\/v2\/categories?post=7123"},{"taxonomy":"post_tag","embeddable":true,"href":"https:\/\/www.sincomam.org.br\/index.php\/wp-json\/wp\/v2\/tags?post=7123"}],"curies":[{"name":"wp","href":"https:\/\/api.w.org\/{rel}","templated":true}]}}