{"id":7120,"date":"2014-08-11T08:34:00","date_gmt":"2014-08-11T11:34:00","guid":{"rendered":"http:\/\/www.sincomam.org.br\/?p=7120"},"modified":"2014-08-08T14:38:35","modified_gmt":"2014-08-08T17:38:35","slug":"graca-foster-pede-ao-stf-para-nao-ter-bens-bloqueados","status":"publish","type":"post","link":"https:\/\/www.sincomam.org.br\/index.php\/graca-foster-pede-ao-stf-para-nao-ter-bens-bloqueados\/","title":{"rendered":"Gra\u00e7a Foster pede ao STF para n\u00e3o ter bens bloqueados"},"content":{"rendered":"<p><strong><em>TCU ainda vai decidir se estende a medida aplicada a ex-dirigentes da Petrobras tamb\u00e9m \u00e0 presidente da estatal<\/em><\/strong><\/p>\n<p>A presidente da Petrobras, Gra\u00e7a Foster, pediu que o Supremo Tribunal Federal (STF) invalide uma eventual decis\u00e3o do Tribunal de Contas da Uni\u00e3o (TCU) para bloquear seus bens. H\u00e1 duas semanas, o TCU declarou indispon\u00edveis bens do ex-presidente da estatal Jos\u00e9 S\u00e9rgio Gabrielli e de outros ex-dirigentes, mas poupou Gra\u00e7a da medida. O objetivo da decis\u00e3o foi assegurar o ressarcimento aos cofres p\u00fablicos de preju\u00edzos causados \u00e0 Petrobras na compra da refinaria de Pasadena, no Texas.<\/p>\n<p>Gabrielli tamb\u00e9m pediu ao STF a libera\u00e7\u00e3o de seus bens. Na semana passada, ele e outros ex-diretores j\u00e1 tinham feito isso. O caso est\u00e1 sob a relatoria do ministro Gilmar Mendes, que n\u00e3o tem prazo para decidir. Ele limitou-se a dizer que tomar\u00e1 a decis\u00e3o em breve.<\/p>\n<p>Segundo o relator do processo no TCU, ministro Jos\u00e9 Jorge, Gra\u00e7a Foster n\u00e3o teria tido seus bens bloqueados por erro do tribunal. O TCU ainda vai decidir se estende a medida tamb\u00e9m \u00e0 presidente da estatal. No documento apresentado ao STF, a defesa de Gra\u00e7a cita entrevistas de Jos\u00e9 Jorge com essa declara\u00e7\u00e3o.<\/p>\n<p>\u201cConsiderando a possibilidade iminente de ter decretada, de igual modo dos demais impetrantes, a indisponibilidade de seus bens, requer a peticion\u00e1ria o aditamento da peti\u00e7\u00e3o exordial para fins de sua inclus\u00e3o no polo autoral da a\u00e7\u00e3o\u201d diz peti\u00e7\u00e3o.<\/p>\n<p>No dia 23 de julho, o TCU aprovou relat\u00f3rio que apontou preju\u00edzos de US$ 792,3 milh\u00f5es \u00e0 estatal na aquisi\u00e7\u00e3o da refinaria, em 2006. Al\u00e9m do TCU, o neg\u00f3cio \u00e9 investigado pela Pol\u00edcia Federal e pelo Minist\u00e9rio P\u00fablico Federal, por suspeita de superfaturamento. Duas Comiss\u00f5es Parlamentares de Inqu\u00e9rito (CPIs) no Congresso Nacional tamb\u00e9m apuram a opera\u00e7\u00e3o.<\/p>\n<p>Fonte: O Globo<\/p>\n","protected":false},"excerpt":{"rendered":"<p>TCU ainda vai decidir se estende a medida aplicada a ex-dirigentes da Petrobras tamb\u00e9m \u00e0 presidente da estatal A presidente da Petrobras, Gra\u00e7a Foster, pediu&#8230;<\/p>\n","protected":false},"author":1182,"featured_media":4986,"comment_status":"closed","ping_status":"closed","sticky":false,"template":"","format":"standard","meta":{"footnotes":""},"categories":[6],"tags":[],"class_list":["post-7120","post","type-post","status-publish","format-standard","has-post-thumbnail","hentry","category-noticias"],"_links":{"self":[{"href":"https:\/\/www.sincomam.org.br\/index.php\/wp-json\/wp\/v2\/posts\/7120","targetHints":{"allow":["GET"]}}],"collection":[{"href":"https:\/\/www.sincomam.org.br\/index.php\/wp-json\/wp\/v2\/posts"}],"about":[{"href":"https:\/\/www.sincomam.org.br\/index.php\/wp-json\/wp\/v2\/types\/post"}],"author":[{"embeddable":true,"href":"https:\/\/www.sincomam.org.br\/index.php\/wp-json\/wp\/v2\/users\/1182"}],"replies":[{"embeddable":true,"href":"https:\/\/www.sincomam.org.br\/index.php\/wp-json\/wp\/v2\/comments?post=7120"}],"version-history":[{"count":2,"href":"https:\/\/www.sincomam.org.br\/index.php\/wp-json\/wp\/v2\/posts\/7120\/revisions"}],"predecessor-version":[{"id":7122,"href":"https:\/\/www.sincomam.org.br\/index.php\/wp-json\/wp\/v2\/posts\/7120\/revisions\/7122"}],"wp:featuredmedia":[{"embeddable":true,"href":"https:\/\/www.sincomam.org.br\/index.php\/wp-json\/wp\/v2\/media\/4986"}],"wp:attachment":[{"href":"https:\/\/www.sincomam.org.br\/index.php\/wp-json\/wp\/v2\/media?parent=7120"}],"wp:term":[{"taxonomy":"category","embeddable":true,"href":"https:\/\/www.sincomam.org.br\/index.php\/wp-json\/wp\/v2\/categories?post=7120"},{"taxonomy":"post_tag","embeddable":true,"href":"https:\/\/www.sincomam.org.br\/index.php\/wp-json\/wp\/v2\/tags?post=7120"}],"curies":[{"name":"wp","href":"https:\/\/api.w.org\/{rel}","templated":true}]}}