{"id":7107,"date":"2014-08-12T08:30:19","date_gmt":"2014-08-12T11:30:19","guid":{"rendered":"http:\/\/www.sincomam.org.br\/?p=7107"},"modified":"2014-08-08T21:38:14","modified_gmt":"2014-08-09T00:38:14","slug":"governo-federal-autoriza-construcao-de-porto-no-para","status":"publish","type":"post","link":"https:\/\/www.sincomam.org.br\/index.php\/governo-federal-autoriza-construcao-de-porto-no-para\/","title":{"rendered":"Governo federal autoriza constru\u00e7\u00e3o de porto no Par\u00e1"},"content":{"rendered":"<p>A Secretaria de Portos autorizou a constru\u00e7\u00e3o da Esta\u00e7\u00e3o de Transporte de Carga (ETC) na cidade de Itaituba, Distrito de Miritituba, no Par\u00e1 em cerim\u00f4nia na \u00faltima ter\u00e7a-feira (5). A previs\u00e3o \u00e9 de que o novo porto, que far\u00e1 transbordo das cargas de carretas para balsas, seja respons\u00e1vel pela movimenta\u00e7\u00e3o de mais de quatro milh\u00f5es de toneladas de gr\u00e3os por ano.<\/p>\n<p>A ETC Cianport ter\u00e1 capacidade para movimentar 3,5 milh\u00f5es de toneladas de gran\u00e9is s\u00f3lidos\/ano a partir da hidrovia do Tapaj\u00f3s e da hidrovia do Amazonas e, futuramente, por um Terminal de Uso Privado (TUP) da empresa a ser constru\u00eddo em Santana (PA).<\/p>\n<p>O empreendimento demandar\u00e1 R$ 43,8 milh\u00f5es em investimentos e passar\u00e1 a integrar o grupo de terminais portu\u00e1rios privados a serem utilizados para o escoamento de gr\u00e3os produzidos na regi\u00e3o Centro-Oeste pela calha norte.<\/p>\n<p>O objetivo \u00e9 desafogar os portos do Sul e Sudeste e baratear o custo do frete do produto destinado \u00e0 exporta\u00e7\u00e3o. O ministro da Agricultura, Neri Geller, destacou que o Mato Grosso e o sul do Par\u00e1 s\u00e3o hoje a vanguarda da produ\u00e7\u00e3o agr\u00edcola nacional. Acrescentou que o Mato Grosso produz mais de 47 milh\u00f5es de toneladas de gr\u00e3os, o equivalente a aproximadamente 29% a 32% da produ\u00e7\u00e3o nacional.<\/p>\n<p>Com a ETC da Cianport na Hidrovia do Tocantins, chegam a onze o n\u00famero de instala\u00e7\u00f5es portu\u00e1rias privadas autorizadas na regi\u00e3o Norte desde dezembro do ano passado, ao amparo da nova Lei dos Portos. At\u00e9 o momento foram assinados, ao todo, 24 contratos de novos empreendimentos privados em todo o Pa\u00eds.<\/p>\n<p>Fonte: Secretaria de Portos<\/p>\n","protected":false},"excerpt":{"rendered":"<p>A Secretaria de Portos autorizou a constru\u00e7\u00e3o da Esta\u00e7\u00e3o de Transporte de Carga (ETC) na cidade de Itaituba, Distrito de Miritituba, no Par\u00e1 em cerim\u00f4nia&#8230;<\/p>\n","protected":false},"author":1182,"featured_media":5342,"comment_status":"closed","ping_status":"closed","sticky":false,"template":"","format":"standard","meta":{"footnotes":""},"categories":[6],"tags":[],"class_list":["post-7107","post","type-post","status-publish","format-standard","has-post-thumbnail","hentry","category-noticias"],"_links":{"self":[{"href":"https:\/\/www.sincomam.org.br\/index.php\/wp-json\/wp\/v2\/posts\/7107","targetHints":{"allow":["GET"]}}],"collection":[{"href":"https:\/\/www.sincomam.org.br\/index.php\/wp-json\/wp\/v2\/posts"}],"about":[{"href":"https:\/\/www.sincomam.org.br\/index.php\/wp-json\/wp\/v2\/types\/post"}],"author":[{"embeddable":true,"href":"https:\/\/www.sincomam.org.br\/index.php\/wp-json\/wp\/v2\/users\/1182"}],"replies":[{"embeddable":true,"href":"https:\/\/www.sincomam.org.br\/index.php\/wp-json\/wp\/v2\/comments?post=7107"}],"version-history":[{"count":1,"href":"https:\/\/www.sincomam.org.br\/index.php\/wp-json\/wp\/v2\/posts\/7107\/revisions"}],"predecessor-version":[{"id":7108,"href":"https:\/\/www.sincomam.org.br\/index.php\/wp-json\/wp\/v2\/posts\/7107\/revisions\/7108"}],"wp:featuredmedia":[{"embeddable":true,"href":"https:\/\/www.sincomam.org.br\/index.php\/wp-json\/wp\/v2\/media\/5342"}],"wp:attachment":[{"href":"https:\/\/www.sincomam.org.br\/index.php\/wp-json\/wp\/v2\/media?parent=7107"}],"wp:term":[{"taxonomy":"category","embeddable":true,"href":"https:\/\/www.sincomam.org.br\/index.php\/wp-json\/wp\/v2\/categories?post=7107"},{"taxonomy":"post_tag","embeddable":true,"href":"https:\/\/www.sincomam.org.br\/index.php\/wp-json\/wp\/v2\/tags?post=7107"}],"curies":[{"name":"wp","href":"https:\/\/api.w.org\/{rel}","templated":true}]}}