{"id":7056,"date":"2014-08-06T08:14:19","date_gmt":"2014-08-06T11:14:19","guid":{"rendered":"http:\/\/www.sincomam.org.br\/?p=7056"},"modified":"2014-08-05T20:16:49","modified_gmt":"2014-08-05T23:16:49","slug":"eisa-avancam-as-negociacoes-sobre-o-futuro-do-estaleiro","status":"publish","type":"post","link":"https:\/\/www.sincomam.org.br\/index.php\/eisa-avancam-as-negociacoes-sobre-o-futuro-do-estaleiro\/","title":{"rendered":"Eisa: avan\u00e7am as negocia\u00e7\u00f5es sobre o futuro do estaleiro"},"content":{"rendered":"<p>Os trabalhadores do Eisa receberam uma boa not\u00edcia na \u00faltima quinta-feira (31). O estaleiro recarregou o Sodexo que estava devendo. Sobre o futuro da empresa, foi informado que a Caixa Econ\u00f4mica Federal pode vir a realizar um empr\u00e9stimo para regularizar o funcionamento do Eisa.<\/p>\n<p>A recarga do Sodexo foi realizada na \u00faltima quinta-feira (31). Os que est\u00e3o com o cart\u00e3o bloqueado, a empresa entregar\u00e1 novos cart\u00f5es at\u00e9 amanh\u00e3, quarta-feira (6). Os que n\u00e3o t\u00eam esse benef\u00edcio receber\u00e3o R$ 350,00.<\/p>\n<p>A dire\u00e7\u00e3o do Sindicato esteve mais uma vez na porta do estaleiro. Ap\u00f3s a reuni\u00e3o com a dire\u00e7\u00e3o do estaleiro, foi informado que o Eisa se comprometeu a fazer o pagamento dos sal\u00e1rios atrasados, a regulariza\u00e7\u00e3o do plano de sa\u00fade, do 1\/3 de f\u00e9rias at\u00e9 o quinto dia \u00fatil de agosto (7), data que tamb\u00e9m est\u00e1 marcado para o retorno dos trabalhadores.<\/p>\n<p>Entretanto, o presidente do Sindicato, Alex Santos, disse que apenas o pagamento do Sodexo n\u00e3o resolve plenamente o problema dos trabalhadores, \u201cisso ainda n\u00e3o resolve. O Sodexo d\u00e1 um f\u00f4lego, mas nossa luta \u00e9 pra quitar todas as quest\u00f5es inerentes aos trabalhadores\u201d, e destacou que um dos pontos positivos deste momento \u00e9 \u201co processo de unidade dos trabalhadores, tendo o Sindicato como a ferramenta desta luta\u201d.<\/p>\n<p>A assembleia tamb\u00e9m contou com as presen\u00e7as dos deputados federais Jandira Feghali (PCdoB) e Edson Santos (PT) e do deputado estadual Paulo Ramos (PSOL), que est\u00e3o apoiando a luta dos trabalhadores do Eisa.<\/p>\n<p>No dia 7 de agosto \u2013 retorno do servi\u00e7o \u2013 o Sindicato far\u00e1 nova assembleia para avaliar os resultados e debater novos encaminhamentos.<\/p>\n<p>Fonte:Portal Vermelho<\/p>\n","protected":false},"excerpt":{"rendered":"<p>Os trabalhadores do Eisa receberam uma boa not\u00edcia na \u00faltima quinta-feira (31). O estaleiro recarregou o Sodexo que estava devendo. Sobre o futuro da empresa,&#8230;<\/p>\n","protected":false},"author":1182,"featured_media":0,"comment_status":"closed","ping_status":"closed","sticky":false,"template":"","format":"standard","meta":{"footnotes":""},"categories":[6],"tags":[],"class_list":["post-7056","post","type-post","status-publish","format-standard","hentry","category-noticias"],"_links":{"self":[{"href":"https:\/\/www.sincomam.org.br\/index.php\/wp-json\/wp\/v2\/posts\/7056","targetHints":{"allow":["GET"]}}],"collection":[{"href":"https:\/\/www.sincomam.org.br\/index.php\/wp-json\/wp\/v2\/posts"}],"about":[{"href":"https:\/\/www.sincomam.org.br\/index.php\/wp-json\/wp\/v2\/types\/post"}],"author":[{"embeddable":true,"href":"https:\/\/www.sincomam.org.br\/index.php\/wp-json\/wp\/v2\/users\/1182"}],"replies":[{"embeddable":true,"href":"https:\/\/www.sincomam.org.br\/index.php\/wp-json\/wp\/v2\/comments?post=7056"}],"version-history":[{"count":1,"href":"https:\/\/www.sincomam.org.br\/index.php\/wp-json\/wp\/v2\/posts\/7056\/revisions"}],"predecessor-version":[{"id":7057,"href":"https:\/\/www.sincomam.org.br\/index.php\/wp-json\/wp\/v2\/posts\/7056\/revisions\/7057"}],"wp:attachment":[{"href":"https:\/\/www.sincomam.org.br\/index.php\/wp-json\/wp\/v2\/media?parent=7056"}],"wp:term":[{"taxonomy":"category","embeddable":true,"href":"https:\/\/www.sincomam.org.br\/index.php\/wp-json\/wp\/v2\/categories?post=7056"},{"taxonomy":"post_tag","embeddable":true,"href":"https:\/\/www.sincomam.org.br\/index.php\/wp-json\/wp\/v2\/tags?post=7056"}],"curies":[{"name":"wp","href":"https:\/\/api.w.org\/{rel}","templated":true}]}}