{"id":7049,"date":"2014-08-06T08:18:17","date_gmt":"2014-08-06T11:18:17","guid":{"rendered":"http:\/\/www.sincomam.org.br\/?p=7049"},"modified":"2014-08-05T20:05:20","modified_gmt":"2014-08-05T23:05:20","slug":"governo-garante-beneficio-a-trabalhador-portuario-avulso","status":"publish","type":"post","link":"https:\/\/www.sincomam.org.br\/index.php\/governo-garante-beneficio-a-trabalhador-portuario-avulso\/","title":{"rendered":"Governo garante benef\u00edcio a trabalhador portu\u00e1rio avulso"},"content":{"rendered":"<p>O governo publicou ontem, segunda-feira (4), no Di\u00e1rio Oficial da Uni\u00e3o, portaria interministerial que assegura assist\u00eancia mensal de um sal\u00e1rio m\u00ednimo aos trabalhadores portu\u00e1rios avulsos, aqueles que s\u00e3o contratados em car\u00e1ter tempor\u00e1rio pelas empresas portu\u00e1rias, sem v\u00ednculo trabalhista. O benef\u00edcio ser\u00e1 pago aos portu\u00e1rios com mais de 60 anos e que n\u00e3o cumprirem os requisitos para aposentadorias por invalidez, por idade, por tempo de contribui\u00e7\u00e3o e especial e n\u00e3o possuam meios para prover sua subsist\u00eancia.<\/p>\n<p>A portaria considera trabalhador portu\u00e1rio avulso &#8220;aquele que possui domic\u00edlio no Brasil e cadastro ativo ou registro ativo no OGMO &#8211; \u00d3rg\u00e3o Gestor de M\u00e3o de Obra do Trabalho Portu\u00e1rio Avulso&#8221;.<\/p>\n<p>Entre as exig\u00eancias para obten\u00e7\u00e3o do benef\u00edcio, o trabalhador precisa comprovar ao Instituto Nacional do Seguro Social (INSS) 15 anos, no m\u00ednimo, de cadastro ou registro ativo como portu\u00e1rio avulso e comparecimento de, no m\u00ednimo, 80% das chamadas realizadas pelo \u00f3rg\u00e3o gestor de m\u00e3o de obra e tamb\u00e9m aos turnos de trabalho para os quais tenha sido escalado.<\/p>\n<p>&#8220;O benef\u00edcio n\u00e3o pode ser acumulado com qualquer outro no \u00e2mbito da seguridade social ou de outro regime, salvo os da assist\u00eancia m\u00e9dica e das pens\u00f5es especiais de natureza indenizat\u00f3ria&#8221;, ressalva a portaria, que \u00e9 assinada pelos minist\u00e9rios do Desenvolvimento Social e Combate \u00e0 Fome, de Portos, da Previd\u00eancia Social, do Planejamento e da Fazenda.<\/p>\n<p>Fonte: Jornal do Commercio (PE)<\/p>\n","protected":false},"excerpt":{"rendered":"<p>O governo publicou ontem, segunda-feira (4), no Di\u00e1rio Oficial da Uni\u00e3o, portaria interministerial que assegura assist\u00eancia mensal de um sal\u00e1rio m\u00ednimo aos trabalhadores portu\u00e1rios avulsos,&#8230;<\/p>\n","protected":false},"author":1182,"featured_media":7050,"comment_status":"closed","ping_status":"closed","sticky":false,"template":"","format":"standard","meta":{"footnotes":""},"categories":[6],"tags":[],"class_list":["post-7049","post","type-post","status-publish","format-standard","has-post-thumbnail","hentry","category-noticias"],"_links":{"self":[{"href":"https:\/\/www.sincomam.org.br\/index.php\/wp-json\/wp\/v2\/posts\/7049","targetHints":{"allow":["GET"]}}],"collection":[{"href":"https:\/\/www.sincomam.org.br\/index.php\/wp-json\/wp\/v2\/posts"}],"about":[{"href":"https:\/\/www.sincomam.org.br\/index.php\/wp-json\/wp\/v2\/types\/post"}],"author":[{"embeddable":true,"href":"https:\/\/www.sincomam.org.br\/index.php\/wp-json\/wp\/v2\/users\/1182"}],"replies":[{"embeddable":true,"href":"https:\/\/www.sincomam.org.br\/index.php\/wp-json\/wp\/v2\/comments?post=7049"}],"version-history":[{"count":1,"href":"https:\/\/www.sincomam.org.br\/index.php\/wp-json\/wp\/v2\/posts\/7049\/revisions"}],"predecessor-version":[{"id":7051,"href":"https:\/\/www.sincomam.org.br\/index.php\/wp-json\/wp\/v2\/posts\/7049\/revisions\/7051"}],"wp:featuredmedia":[{"embeddable":true,"href":"https:\/\/www.sincomam.org.br\/index.php\/wp-json\/wp\/v2\/media\/7050"}],"wp:attachment":[{"href":"https:\/\/www.sincomam.org.br\/index.php\/wp-json\/wp\/v2\/media?parent=7049"}],"wp:term":[{"taxonomy":"category","embeddable":true,"href":"https:\/\/www.sincomam.org.br\/index.php\/wp-json\/wp\/v2\/categories?post=7049"},{"taxonomy":"post_tag","embeddable":true,"href":"https:\/\/www.sincomam.org.br\/index.php\/wp-json\/wp\/v2\/tags?post=7049"}],"curies":[{"name":"wp","href":"https:\/\/api.w.org\/{rel}","templated":true}]}}