{"id":7045,"date":"2014-08-06T08:15:34","date_gmt":"2014-08-06T11:15:34","guid":{"rendered":"http:\/\/www.sincomam.org.br\/?p=7045"},"modified":"2014-08-05T20:24:00","modified_gmt":"2014-08-05T23:24:00","slug":"exportacoes-sobem-mais-de-11-no-terminal-de-conteineres-de-salvador","status":"publish","type":"post","link":"https:\/\/www.sincomam.org.br\/index.php\/exportacoes-sobem-mais-de-11-no-terminal-de-conteineres-de-salvador\/","title":{"rendered":"Exporta\u00e7\u00f5es sobem mais de 11% no terminal de cont\u00eaineres de Salvador"},"content":{"rendered":"<p>As cargas de exporta\u00e7\u00e3o voltaram a registrar crescimento no primeiro semestre de 2014 nas opera\u00e7\u00f5es do Tecon Salvador \u2013 terminal de cont\u00eaineres da capital baiana, administrado pelo Grupo Wilson Sons.<\/p>\n<p>O volume de cont\u00eaineres cheios cresceu 11,4%, totalizando uma movimenta\u00e7\u00e3o de 41,8 mil TEUs no acumulado dos seis primeiros meses de 2014.<\/p>\n<p>Os embarques de celulose foram os grandes respons\u00e1veis pela retomada das exporta\u00e7\u00f5es no terminal, uma vez que o volume, que seguia em navios de carga solta, tem migrado para o cont\u00eainer nos \u00faltimos anos.<\/p>\n<p>Apenas em embarques de celulose somaram mais de 12,5 mil TEUs, com alta de 35% no comparativo com o mesmo per\u00edodo de 2013.<\/p>\n<p>Ainda entre as cargas mais movimentadas, despontaram em sequ\u00eancia os segmentos de qu\u00edmicos e petroqu\u00edmicos (5.649 TEUs) e min\u00e9rios (4.178 TEUs).<\/p>\n<p>Outros produtos tamb\u00e9m esbo\u00e7aram incremento, como as especiarias e as frutas, em especial o lim\u00e3o embarcado no in\u00edcio desse ano.<\/p>\n<p>Al\u00e9m disso, o Tecon Salvador atraiu novas cargas, como os 1.500 TEUs movimentados de n\u00edquel, min\u00e9rio que passou a ser exportado pela capital baiana para o mercado asi\u00e1tico.<\/p>\n<p>A expectativa \u00e9 manter bons resultados no segundo semestre, impulsionados, principalmente, pela safra de frutas do Vale do S\u00e3o Francisco, anualmente exportada para os mercados europeu e norte-americano.<\/p>\n<p>O in\u00edcio dos embarques est\u00e1 previsto para agosto. No ano passado, o terminal voltou a ser a principal porta de sa\u00edda das frutas produzidas pela Bahia e Pernambuco, escoando mais de 50% da \u00faltima produ\u00e7\u00e3o (cerca de 120 mil toneladas).<\/p>\n<p>\u201cTamb\u00e9m temos boas expectativas para as exporta\u00e7\u00f5es de suco e a manuten\u00e7\u00e3o dos embarques de min\u00e9rios. Al\u00e9m disso, o bra\u00e7o comercial manter\u00e1 a forte prospec\u00e7\u00e3o para a atra\u00e7\u00e3o de novas cargas para cont\u00eainer, entre elas gr\u00e3os como soja e sorgo\u201d, prev\u00ea Patr\u00edcia Iglesias, diretora comercial.<\/p>\n<p>Fonte: Tribuna da Bahia (BA)<\/p>\n","protected":false},"excerpt":{"rendered":"<p>As cargas de exporta\u00e7\u00e3o voltaram a registrar crescimento no primeiro semestre de 2014 nas opera\u00e7\u00f5es do Tecon Salvador \u2013 terminal de cont\u00eaineres da capital baiana,&#8230;<\/p>\n","protected":false},"author":1182,"featured_media":5429,"comment_status":"closed","ping_status":"closed","sticky":false,"template":"","format":"standard","meta":{"footnotes":""},"categories":[6],"tags":[],"class_list":["post-7045","post","type-post","status-publish","format-standard","has-post-thumbnail","hentry","category-noticias"],"_links":{"self":[{"href":"https:\/\/www.sincomam.org.br\/index.php\/wp-json\/wp\/v2\/posts\/7045","targetHints":{"allow":["GET"]}}],"collection":[{"href":"https:\/\/www.sincomam.org.br\/index.php\/wp-json\/wp\/v2\/posts"}],"about":[{"href":"https:\/\/www.sincomam.org.br\/index.php\/wp-json\/wp\/v2\/types\/post"}],"author":[{"embeddable":true,"href":"https:\/\/www.sincomam.org.br\/index.php\/wp-json\/wp\/v2\/users\/1182"}],"replies":[{"embeddable":true,"href":"https:\/\/www.sincomam.org.br\/index.php\/wp-json\/wp\/v2\/comments?post=7045"}],"version-history":[{"count":1,"href":"https:\/\/www.sincomam.org.br\/index.php\/wp-json\/wp\/v2\/posts\/7045\/revisions"}],"predecessor-version":[{"id":7046,"href":"https:\/\/www.sincomam.org.br\/index.php\/wp-json\/wp\/v2\/posts\/7045\/revisions\/7046"}],"wp:featuredmedia":[{"embeddable":true,"href":"https:\/\/www.sincomam.org.br\/index.php\/wp-json\/wp\/v2\/media\/5429"}],"wp:attachment":[{"href":"https:\/\/www.sincomam.org.br\/index.php\/wp-json\/wp\/v2\/media?parent=7045"}],"wp:term":[{"taxonomy":"category","embeddable":true,"href":"https:\/\/www.sincomam.org.br\/index.php\/wp-json\/wp\/v2\/categories?post=7045"},{"taxonomy":"post_tag","embeddable":true,"href":"https:\/\/www.sincomam.org.br\/index.php\/wp-json\/wp\/v2\/tags?post=7045"}],"curies":[{"name":"wp","href":"https:\/\/api.w.org\/{rel}","templated":true}]}}