{"id":6989,"date":"2014-08-04T08:27:09","date_gmt":"2014-08-04T11:27:09","guid":{"rendered":"http:\/\/www.sincomam.org.br\/?p=6989"},"modified":"2014-08-01T21:24:57","modified_gmt":"2014-08-02T00:24:57","slug":"porto-catarinense-sera-explorado-pela-iniciativa-privada","status":"publish","type":"post","link":"https:\/\/www.sincomam.org.br\/index.php\/porto-catarinense-sera-explorado-pela-iniciativa-privada\/","title":{"rendered":"Porto catarinense ser\u00e1 explorado pela iniciativa privada"},"content":{"rendered":"<p>A Ag\u00eancia Nacional de Transportes Aquavi\u00e1tios oficializou a assinatura de contrato na modalidade Terminal de Uso Privado para explorar instala\u00e7\u00e3o portu\u00e1ria em Itaja\u00ed (SC) com a empresa Trocadeiro Portos e Log\u00edstica.<\/p>\n<p>O acordo compreende a movimenta\u00e7\u00e3o e armazenagem de gran\u00e9is l\u00edquidos, especificamente um plastificante que serve de mat\u00e9ria-prima \u00e0 ind\u00fastria de linha branca (geladeiras) e autom\u00f3veis. O produto \u00e9 proveniente do Chile e tem como destino o mercado brasileiro. A \u00e1rea autorizada para explora\u00e7\u00e3o da instala\u00e7\u00e3o portu\u00e1ria corresponde a 19.903,64 metros quadrados.<\/p>\n<p>O diretor Fernando Fonseca explicou que a assinatura do contrato de ades\u00e3o traz maior seguran\u00e7a jur\u00eddica \u00e0s empresas para a explora\u00e7\u00e3o dessas instala\u00e7\u00f5es portu\u00e1rias privadas, que s\u00e3o de extrema import\u00e2ncia para o com\u00e9rcio exterior brasileiro. \u201cS\u00f3 para se ter um ideia, grande parte das nossas commodities s\u00e3o escoadas pelos terminais privados\u201d, observou.<\/p>\n<p>Fonseca informou que a Antaq vem procurando fazer as adequa\u00e7\u00f5es dos terminais privados \u00e0 nova legisla\u00e7\u00e3o portu\u00e1ria no menor prazo poss\u00edvel. A Trocadeiro \u00e9 a terceira empresa a assinar contrato de ades\u00e3o com a Uni\u00e3o, desde que essa atribui\u00e7\u00e3o foi delegada \u00e0 Ag\u00eancia pelo Poder Concedente, no in\u00edcio de junho (Portaria SEP n\u00ba 182, de 5 de junho de 2014).<\/p>\n<p>A autoriza\u00e7\u00e3o do terminal ter\u00e1 vig\u00eancia por 25 anos contados da data de assinatura do contrato de ades\u00e3o, prorrog\u00e1vel por per\u00edodos sucessivos mediante a manuten\u00e7\u00e3o da atividade pela autorizada e realiza\u00e7\u00e3o dos investimentos necess\u00e1rios \u00e0 expans\u00e3o e moderniza\u00e7\u00e3o das instala\u00e7\u00f5es portu\u00e1rias.<\/p>\n<p>Fonte: Ag\u00eancia Nacional de Transportes Aquavi\u00e1rios<\/p>\n","protected":false},"excerpt":{"rendered":"<p>A Ag\u00eancia Nacional de Transportes Aquavi\u00e1tios oficializou a assinatura de contrato na modalidade Terminal de Uso Privado para explorar instala\u00e7\u00e3o portu\u00e1ria em Itaja\u00ed (SC) com&#8230;<\/p>\n","protected":false},"author":1182,"featured_media":6990,"comment_status":"closed","ping_status":"closed","sticky":false,"template":"","format":"standard","meta":{"footnotes":""},"categories":[6],"tags":[],"class_list":["post-6989","post","type-post","status-publish","format-standard","has-post-thumbnail","hentry","category-noticias"],"_links":{"self":[{"href":"https:\/\/www.sincomam.org.br\/index.php\/wp-json\/wp\/v2\/posts\/6989","targetHints":{"allow":["GET"]}}],"collection":[{"href":"https:\/\/www.sincomam.org.br\/index.php\/wp-json\/wp\/v2\/posts"}],"about":[{"href":"https:\/\/www.sincomam.org.br\/index.php\/wp-json\/wp\/v2\/types\/post"}],"author":[{"embeddable":true,"href":"https:\/\/www.sincomam.org.br\/index.php\/wp-json\/wp\/v2\/users\/1182"}],"replies":[{"embeddable":true,"href":"https:\/\/www.sincomam.org.br\/index.php\/wp-json\/wp\/v2\/comments?post=6989"}],"version-history":[{"count":1,"href":"https:\/\/www.sincomam.org.br\/index.php\/wp-json\/wp\/v2\/posts\/6989\/revisions"}],"predecessor-version":[{"id":6991,"href":"https:\/\/www.sincomam.org.br\/index.php\/wp-json\/wp\/v2\/posts\/6989\/revisions\/6991"}],"wp:featuredmedia":[{"embeddable":true,"href":"https:\/\/www.sincomam.org.br\/index.php\/wp-json\/wp\/v2\/media\/6990"}],"wp:attachment":[{"href":"https:\/\/www.sincomam.org.br\/index.php\/wp-json\/wp\/v2\/media?parent=6989"}],"wp:term":[{"taxonomy":"category","embeddable":true,"href":"https:\/\/www.sincomam.org.br\/index.php\/wp-json\/wp\/v2\/categories?post=6989"},{"taxonomy":"post_tag","embeddable":true,"href":"https:\/\/www.sincomam.org.br\/index.php\/wp-json\/wp\/v2\/tags?post=6989"}],"curies":[{"name":"wp","href":"https:\/\/api.w.org\/{rel}","templated":true}]}}