{"id":6925,"date":"2014-07-30T09:38:39","date_gmt":"2014-07-30T12:38:39","guid":{"rendered":"http:\/\/www.sincomam.org.br\/?p=6925"},"modified":"2014-07-30T10:59:16","modified_gmt":"2014-07-30T13:59:16","slug":"trabalhadores-do-estaleiro-ilha-no-rio-realizam-assembleia","status":"publish","type":"post","link":"https:\/\/www.sincomam.org.br\/index.php\/trabalhadores-do-estaleiro-ilha-no-rio-realizam-assembleia\/","title":{"rendered":"Trabalhadores do Estaleiro Ilha, no Rio, realizam assembleia"},"content":{"rendered":"<p>Os trabalhadores foram surpreendidos com uma forte presen\u00e7a policial, que mobilizou oito ve\u00edculos, dois caminh\u00f5es e membros do seu batalh\u00e3o de choque em uma presen\u00e7a num\u00e9rica e belicamente desproporcional para uma pac\u00edfica reuni\u00e3o de trabalhadores.<\/p>\n<p>O presidente do Sindimetal-RJ, Alex Santos, atualizou os trabalhadores sobre reuni\u00f5es realizadas entre o per\u00edodo da passeata da Candel\u00e1ria e a assembleia da \u00faltima segunda. Alex informou que a empresa entrou em contato e disse que at\u00e9 esta ter\u00e7a-feira (29) seria depositado o cart\u00e3o alimenta\u00e7\u00e3o e at\u00e9 o quinto dia \u00fatil do m\u00eas seriam normalizados os sal\u00e1rios.<\/p>\n<p>O presidente reafirmou que o sindicato n\u00e3o tem nenhuma liga\u00e7\u00e3o com essa declara\u00e7\u00e3o da empresa e afirmou que a entidade est\u00e1 \u00e0 disposi\u00e7\u00e3o dos trabalhadores para as medidas cab\u00edveis, ressaltando que &#8220;o sindicato vai mover duas a\u00e7\u00f5es diretas. Uma a\u00e7\u00e3o coletiva contra o estaleiro para resguardar sal\u00e1rios, 1\/3 de f\u00e9rias, cart\u00e3o e tudo que est\u00e1 atrasado referente \u00e0 vida dos trabalhadores. Inclusive a quest\u00e3o da PLR. A outra a\u00e7\u00e3o ser\u00e1 a partir de hoje,quarta-feira (30), quando o sindicato ir\u00e1 disponibilizar aos trabalhadores que assim desejarem seu departamento jur\u00eddico para iniciar uma a\u00e7\u00e3o de rescis\u00e3o indireta&#8221;, refor\u00e7ou.<\/p>\n<p>A deputada federal Jandira Feghali (PCdoB-RJ) se colocou ao lado dos trabalhadores \u201cpara o que der\u201d e fez duras cr\u00edticas ao governo do estado, omisso, segundo ela, em uma crise que atinge a maior ind\u00fastria do Rio de Janeiro.<\/p>\n<p>De acordo com a parlamentar, &#8220;n\u00f3s n\u00e3o podemos admitir que se fechem plantas industriais no estado do Rio de Janeiro. N\u00e3o consigo entender a omiss\u00e3o do governo do estado que disse n\u00e3o saber de uma crise que atinge a principal ind\u00fastria do Rio de Janeiro. Depois de tudo que se fez para essa ind\u00fastria se reerguer. Depois de tudo que foi feito no governo Lula e no governo Dilma para elevar essa ind\u00fastria e s\u00f3 na sexta-feira, depois de meses de crise, que o governo do estado toma conhecimento do que acontece?&#8221; questionou.<\/p>\n<p>Durante a assembleia foi eleita uma comiss\u00e3o de trabalhadores que, junto com a dire\u00e7\u00e3o do sindicato, se reuniu na sede do Sindimetal-RJ para debater as pr\u00f3ximas a\u00e7\u00f5es da luta. Essa comiss\u00e3o e a dire\u00e7\u00e3o do Sindimetal-RJ ir\u00e3o realizar uma reuni\u00e3o ampliada, aberta ao conjunto dos trabalhadores na pr\u00f3xima quarta-feira (30).<\/p>\n<p>Fonte: CTB\/Portal Vermelho<\/p>\n","protected":false},"excerpt":{"rendered":"<p>Os trabalhadores foram surpreendidos com uma forte presen\u00e7a policial, que mobilizou oito ve\u00edculos, dois caminh\u00f5es e membros do seu batalh\u00e3o de choque em uma presen\u00e7a&#8230;<\/p>\n","protected":false},"author":1182,"featured_media":0,"comment_status":"closed","ping_status":"closed","sticky":false,"template":"","format":"standard","meta":{"footnotes":""},"categories":[6],"tags":[],"class_list":["post-6925","post","type-post","status-publish","format-standard","hentry","category-noticias"],"_links":{"self":[{"href":"https:\/\/www.sincomam.org.br\/index.php\/wp-json\/wp\/v2\/posts\/6925","targetHints":{"allow":["GET"]}}],"collection":[{"href":"https:\/\/www.sincomam.org.br\/index.php\/wp-json\/wp\/v2\/posts"}],"about":[{"href":"https:\/\/www.sincomam.org.br\/index.php\/wp-json\/wp\/v2\/types\/post"}],"author":[{"embeddable":true,"href":"https:\/\/www.sincomam.org.br\/index.php\/wp-json\/wp\/v2\/users\/1182"}],"replies":[{"embeddable":true,"href":"https:\/\/www.sincomam.org.br\/index.php\/wp-json\/wp\/v2\/comments?post=6925"}],"version-history":[{"count":1,"href":"https:\/\/www.sincomam.org.br\/index.php\/wp-json\/wp\/v2\/posts\/6925\/revisions"}],"predecessor-version":[{"id":6926,"href":"https:\/\/www.sincomam.org.br\/index.php\/wp-json\/wp\/v2\/posts\/6925\/revisions\/6926"}],"wp:attachment":[{"href":"https:\/\/www.sincomam.org.br\/index.php\/wp-json\/wp\/v2\/media?parent=6925"}],"wp:term":[{"taxonomy":"category","embeddable":true,"href":"https:\/\/www.sincomam.org.br\/index.php\/wp-json\/wp\/v2\/categories?post=6925"},{"taxonomy":"post_tag","embeddable":true,"href":"https:\/\/www.sincomam.org.br\/index.php\/wp-json\/wp\/v2\/tags?post=6925"}],"curies":[{"name":"wp","href":"https:\/\/api.w.org\/{rel}","templated":true}]}}