{"id":6910,"date":"2014-07-30T08:01:54","date_gmt":"2014-07-30T11:01:54","guid":{"rendered":"http:\/\/www.sincomam.org.br\/?p=6910"},"modified":"2014-07-29T23:44:16","modified_gmt":"2014-07-30T02:44:16","slug":"enaex-2014-debatera-propostas-para-reducao-de-custos-do-comercio-exterior","status":"publish","type":"post","link":"https:\/\/www.sincomam.org.br\/index.php\/enaex-2014-debatera-propostas-para-reducao-de-custos-do-comercio-exterior\/","title":{"rendered":"Enaex 2014 debater\u00e1 propostas para redu\u00e7\u00e3o de custos do com\u00e9rcio exterior"},"content":{"rendered":"<p>O Encontro Nacional de Com\u00e9rcio Exterior (Enaex 2014), que acontece nos dias 7 e 8 de agosto, no Rio de Janeiro, debater\u00e1 propostas para redu\u00e7\u00e3o dos custos de importa\u00e7\u00e3o e exporta\u00e7\u00e3o. Em sua 33\u00aa edi\u00e7\u00e3o, o evento abordar\u00e1, entre outros temas, a complexidade do sistema tribut\u00e1rio brasileiro e o excesso de burocracia prejudicando o com\u00e9rcio exterior do Brasil.<\/p>\n<p>\u201cO governo precisa focar em a\u00e7\u00f5es que gerem maior competitividade, elevando a produ\u00e7\u00e3o e reduzindo o custo\u201d, afirma o presidente da Associa\u00e7\u00e3o de Com\u00e9rcio Exterior do Brasil (AEB), Jos\u00e9 Augusto de Castro. O evento reunir\u00e1 empres\u00e1rios, executivos de empresas p\u00fablicas e privadas, consultores, especialistas e autoridades discutindo os entraves e as potencialidades do com\u00e9rcio exterior brasileiro.<\/p>\n<p>Durante o Enaex, a C\u00e2mara de Log\u00edstica Integrada (CLI) da AEB promover\u00e1, em parceria com a Associa\u00e7\u00e3o Brasileira dos Terminais Portu\u00e1rios (APTP), o workshop sobre o papel dos conselhos de autoridade portu\u00e1ria (CAPs) e a import\u00e2ncia da gest\u00e3o corporativa nos portos organizados nacionais. Na ocasi\u00e3o, ser\u00e1 lan\u00e7ado o \u201cManual do CAP\u201d, que destaca a import\u00e2ncia dos membros do CAP na gest\u00e3o dos portos brasileiros. O encontro reunir\u00e1 os conselheiros dos 29 portos que contam com CAPs atuantes.<\/p>\n<p>Fonte: Portos e Navios<\/p>\n","protected":false},"excerpt":{"rendered":"<p>O Encontro Nacional de Com\u00e9rcio Exterior (Enaex 2014), que acontece nos dias 7 e 8 de agosto, no Rio de Janeiro, debater\u00e1 propostas para redu\u00e7\u00e3o&#8230;<\/p>\n","protected":false},"author":1182,"featured_media":0,"comment_status":"closed","ping_status":"closed","sticky":false,"template":"","format":"standard","meta":{"footnotes":""},"categories":[6],"tags":[],"class_list":["post-6910","post","type-post","status-publish","format-standard","hentry","category-noticias"],"_links":{"self":[{"href":"https:\/\/www.sincomam.org.br\/index.php\/wp-json\/wp\/v2\/posts\/6910","targetHints":{"allow":["GET"]}}],"collection":[{"href":"https:\/\/www.sincomam.org.br\/index.php\/wp-json\/wp\/v2\/posts"}],"about":[{"href":"https:\/\/www.sincomam.org.br\/index.php\/wp-json\/wp\/v2\/types\/post"}],"author":[{"embeddable":true,"href":"https:\/\/www.sincomam.org.br\/index.php\/wp-json\/wp\/v2\/users\/1182"}],"replies":[{"embeddable":true,"href":"https:\/\/www.sincomam.org.br\/index.php\/wp-json\/wp\/v2\/comments?post=6910"}],"version-history":[{"count":1,"href":"https:\/\/www.sincomam.org.br\/index.php\/wp-json\/wp\/v2\/posts\/6910\/revisions"}],"predecessor-version":[{"id":6911,"href":"https:\/\/www.sincomam.org.br\/index.php\/wp-json\/wp\/v2\/posts\/6910\/revisions\/6911"}],"wp:attachment":[{"href":"https:\/\/www.sincomam.org.br\/index.php\/wp-json\/wp\/v2\/media?parent=6910"}],"wp:term":[{"taxonomy":"category","embeddable":true,"href":"https:\/\/www.sincomam.org.br\/index.php\/wp-json\/wp\/v2\/categories?post=6910"},{"taxonomy":"post_tag","embeddable":true,"href":"https:\/\/www.sincomam.org.br\/index.php\/wp-json\/wp\/v2\/tags?post=6910"}],"curies":[{"name":"wp","href":"https:\/\/api.w.org\/{rel}","templated":true}]}}