{"id":6881,"date":"2014-07-29T09:28:42","date_gmt":"2014-07-29T12:28:42","guid":{"rendered":"http:\/\/www.sincomam.org.br\/?p=6881"},"modified":"2014-07-28T22:39:19","modified_gmt":"2014-07-29T01:39:19","slug":"log-in-tera-suplementacao-do-fmm-para-construcao-do-log-in-tucunare","status":"publish","type":"post","link":"https:\/\/www.sincomam.org.br\/index.php\/log-in-tera-suplementacao-do-fmm-para-construcao-do-log-in-tucunare\/","title":{"rendered":"Log-In ter\u00e1 suplementa\u00e7\u00e3o do FMM para constru\u00e7\u00e3o do Log-In Tucunar\u00e9"},"content":{"rendered":"<p>O Conselho de Administra\u00e7\u00e3o da Log-In &#8211; Log\u00edstica Intermodal aprovou suplementa\u00e7\u00e3o do contrato de financiamento com o Banco Nacional de Desenvolvimento Econ\u00f4mico e Social, via recursos provenientes do Fundo da Marinha Mercante, no valor de R$ 8,8 milh\u00f5es, destinado \u00e0 constru\u00e7\u00e3o do navio graneleiro &#8220;Log-In Tucunar\u00e9&#8221; de 80.100 tpb.<\/p>\n<p>A embarca\u00e7\u00e3o, que utilizada no transporte de bauxita, est\u00e1 em constru\u00e7\u00e3o pelo Eisa. Os custos financeiros e os prazos do contrato permanecem em 2,5% ao ano, denominados em d\u00f3lar americano, e em 20 anos.<\/p>\n<p>O &#8220;Log-In Tucunar\u00e9&#8221; est\u00e1 sendo constru\u00eddo para atender, conjuntamente ao &#8220;Log-In Tambaqui&#8221; em opera\u00e7\u00e3o desde fevereiro de 2013, ao contrato de 25 anos com a Alunorte, com viagens consecutivas entre os portos de Trombetas e Vila do Conde, ambos no estado do Par\u00e1.<\/p>\n<p>A opera\u00e7\u00e3o movimentar\u00e1 em torno de 150 milh\u00f5es de toneladas de min\u00e9rio de bauxita a granel no per\u00edodo. O contrato prev\u00ea volume de seis milh\u00f5es de toneladas por ano, em condi\u00e7\u00e3o de <em>take or pay,<\/em> com suas receitas dolarizadas e gatilho de gest\u00e3o de oscila\u00e7\u00e3o das condi\u00e7\u00f5es internacionais do pre\u00e7o do combust\u00edvel.<\/p>\n<p>Fonte: Portos e Navios<\/p>\n","protected":false},"excerpt":{"rendered":"<p>O Conselho de Administra\u00e7\u00e3o da Log-In &#8211; Log\u00edstica Intermodal aprovou suplementa\u00e7\u00e3o do contrato de financiamento com o Banco Nacional de Desenvolvimento Econ\u00f4mico e Social, via&#8230;<\/p>\n","protected":false},"author":1182,"featured_media":6882,"comment_status":"closed","ping_status":"closed","sticky":false,"template":"","format":"standard","meta":{"footnotes":""},"categories":[6],"tags":[],"class_list":["post-6881","post","type-post","status-publish","format-standard","has-post-thumbnail","hentry","category-noticias"],"_links":{"self":[{"href":"https:\/\/www.sincomam.org.br\/index.php\/wp-json\/wp\/v2\/posts\/6881","targetHints":{"allow":["GET"]}}],"collection":[{"href":"https:\/\/www.sincomam.org.br\/index.php\/wp-json\/wp\/v2\/posts"}],"about":[{"href":"https:\/\/www.sincomam.org.br\/index.php\/wp-json\/wp\/v2\/types\/post"}],"author":[{"embeddable":true,"href":"https:\/\/www.sincomam.org.br\/index.php\/wp-json\/wp\/v2\/users\/1182"}],"replies":[{"embeddable":true,"href":"https:\/\/www.sincomam.org.br\/index.php\/wp-json\/wp\/v2\/comments?post=6881"}],"version-history":[{"count":1,"href":"https:\/\/www.sincomam.org.br\/index.php\/wp-json\/wp\/v2\/posts\/6881\/revisions"}],"predecessor-version":[{"id":6883,"href":"https:\/\/www.sincomam.org.br\/index.php\/wp-json\/wp\/v2\/posts\/6881\/revisions\/6883"}],"wp:featuredmedia":[{"embeddable":true,"href":"https:\/\/www.sincomam.org.br\/index.php\/wp-json\/wp\/v2\/media\/6882"}],"wp:attachment":[{"href":"https:\/\/www.sincomam.org.br\/index.php\/wp-json\/wp\/v2\/media?parent=6881"}],"wp:term":[{"taxonomy":"category","embeddable":true,"href":"https:\/\/www.sincomam.org.br\/index.php\/wp-json\/wp\/v2\/categories?post=6881"},{"taxonomy":"post_tag","embeddable":true,"href":"https:\/\/www.sincomam.org.br\/index.php\/wp-json\/wp\/v2\/tags?post=6881"}],"curies":[{"name":"wp","href":"https:\/\/api.w.org\/{rel}","templated":true}]}}